{"id":13599,"date":"2021-05-03T09:36:00","date_gmt":"2021-05-03T14:36:00","guid":{"rendered":"https:\/\/encuentroinformativo.com.mx\/?p=13599"},"modified":"2021-05-03T09:36:04","modified_gmt":"2021-05-03T14:36:04","slug":"miguel-chiquito-con-miedo-y-sin-apoyo-del-papa","status":"publish","type":"post","link":"https:\/\/encuentroinformativo.com.mx\/?p=13599","title":{"rendered":"&#8220;MIGUEL CHIQUITO&#8221;, CON MIEDO \u00bfY SIN APOYO DEL PAP\u00c1?"},"content":{"rendered":"\n<p><strong>@pablojair<\/strong><\/p>\n\n\n\n<ul class=\"wp-block-list\"><li>Deficiencia en la compra de medicamentos antirretrovirales.<\/li><li>Un caricaturista en el Congreso del Estado de Veracruz.<\/li><li>Mario Chama renuncia al Partido Encuentro Solidario.<\/li><\/ul>\n\n\n\n<p>De esas veces que est\u00e1s pensando algo pal Chopenjawer<br>y terminas pensando en ella<br>&#8211;Chopenjawer<\/p>\n\n\n\n<p>Me comenta un cuate del puerto de Veracruz: &#8220;Creo que s\u00ed va en serio lo del Chikis. Un amigo que est\u00e1 con ellos me dice que de plano est\u00e1n en pausa, que nunca antes hab\u00eda visto a los Yunes tan apendejados. En otras campa\u00f1as a estas alturas ya andaban en madriza, y ahora\u2026 nada&#8221;.<\/p>\n\n\n\n<p>Lo &#8220;pausa&#8221; tal vez se refiere a que \u2014hasta el cierre de esta edici\u00f3n\u2014 no se le habr\u00edan otorgado por parte del Organismo P\u00fablico Local Electoral (OPLE) constancia de inscripci\u00f3n a Miguel \u00c1ngel Yunes M\u00e1rquez. El plazo vence hasta la medianoche de este lunes. Las campa\u00f1as inician ya el martes con todo\u2026 De todas maneras, si le dan el registro, es probable tambi\u00e9n que se lo tumben por su error de usar documentos falsos para registrar un domicilio donde no vive, lo que tambi\u00e9n recae en el \u00e1mbito de lo judicial.<\/p>\n\n\n\n<p>Desde hace unos d\u00edas le preguntaba a unos cuates del puerto de Veracruz sobre esa situaci\u00f3n y es en el mismo sentido la respuesta: no han hecho alharaca, andan como perdidos y hasta parece que el pap\u00e1 no est\u00e1 operando.<\/p>\n\n\n\n<p>Pero hay algo que ya es evidente: los Yunes tienen miedo; les falta la protecci\u00f3n pol\u00edtica a la que estuvieron acostumbrados y tuvieron gracias a las relaciones del padre. Est\u00e1n desprotegidos.<\/p>\n\n\n\n<p>Lo anterior ha llevado al tambi\u00e9n conocido como &#8220;Miguel Chiquito&#8221; a cancelar eventos programados por mero temor.<\/p>\n\n\n\n<p>Sucedi\u00f3 recientemente el pasado jueves 29 cuando pretend\u00eda reunirse con ganaderos del municipio; ese mismo evento lo pospuso para el d\u00eda siguiente, pero finalmente cancel\u00f3. A los anfitriones mand\u00f3 decir que fue porque se siente hostigado desde el Gobierno y no quiere sustos. Le pas\u00f3 como al meme del perrito: le dio ansiedad.<\/p>\n\n\n\n<p>En otras \u00e9pocas, ya estar\u00edan haciendo show trep\u00e1ndose a bateas de patrullas as\u00ed muy sacalepunta o como cuando denunciaba que Duarte lo hostigaba mand\u00e1ndole polic\u00edas a su casa. En ese entonces la victimizaci\u00f3n funcionaba porque el PRI era el partido villano al cual quer\u00edan tumbar todos.<\/p>\n\n\n\n<p>Y eso les funcion\u00f3 cuando atacaron con todo el excremento posible al partido al que hoy recurren para hacer alianza y pedirles que se sumen a su proyecto: el PRI.<\/p>\n\n\n\n<p>Los Yunes sencillamente no tienen ahora la protecci\u00f3n de antes. Con Pe\u00f1a Nieto tuvieron al poderoso Miguel \u00c1ngel Osorio Chong, secretario de Gobernaci\u00f3n, pero el hoy senador pri\u00edsta tiene la fuerza de un Tehuac\u00e1n sin gas.<\/p>\n\n\n\n<p>El mismo partido tricolor tampoco est\u00e1 conforme: este domingo tuvo una reuni\u00f3n con supuestas l\u00edderes seccionales del PRI del puerto, pero fue poca gente y adem\u00e1s se dice que s\u00f3lo eran relleno. Las muecas de &#8220;Miguel Chiquito&#8221; fueron evidentes: no estuvo conforme con la reuni\u00f3n y sabe que fue un atole con el dedo y p\u00e9rdida de tiempo. Sus aliados pri\u00edstas traen la misma fuerza que Osorio Chong.<\/p>\n\n\n\n<p>De hecho, dicen que la que s\u00ed trae &#8220;punch&#8221; es Carolina Gudi\u00f1o, hoy candidata a diputada local por la alianza PRIANRD, pero la exalcaldesa del puerto ni siquiera pela a los Yunes.<\/p>\n\n\n\n<p>Tambi\u00e9n hay comentarios de que el pap\u00e1 ya los dej\u00f3 solos y ya era hora: &#8220;ya est\u00e1n grandecitos&#8221;, dir\u00eda el patr\u00f3n C\u00e9sar. S\u00f3lo as\u00ed se entender\u00eda el porqu\u00e9 andan haciendo reuniones de emergencia de \u00faltima hora y utilizar el argumento de la victimizaci\u00f3n y persecuci\u00f3n que ya nadie les cree.<\/p>\n\n\n\n<p>El rumor es en el sentido de que el patriarca del clan de plano no los est\u00e1 ayudando por la separaci\u00f3n familiar y conflictos personales que se agudizaron desde el fin del minigobierno de dos a\u00f1os.<\/p>\n\n\n\n<p>Dicen que los hijos habr\u00edan decidido abrirse del padre porque finalmente no salieron los planes como estaban dise\u00f1ados, pero adem\u00e1s porque estuvieron en contra de la hoy costosa confrontaci\u00f3n del entonces gobernador Yunes con el candidato presidencial Andr\u00e9s Manuel L\u00f3pez Obrador.<\/p>\n\n\n\n<p>Esto \u00faltimo pareciera que no tener l\u00f3gica, pues hasta el mismo &#8220;Miguel Chiquito&#8221; calific\u00f3 al hoy presidente como &#8220;viejo guango&#8221;.<\/p>\n\n\n\n<p>No obstante, Yunes conoce a AMLO, son de la vieja guardia, y ese &#8220;loco&#8221; (c\u00f3mo as\u00ed lo calific\u00f3) lo puede trabar ahorita con solo mover un dedo.<\/p>\n\n\n\n<p>De ser cierta esta separaci\u00f3n entre padre e hijos, los que salen perdiendo son los v\u00e1stagos; quedan muy debilitados pues quien verdaderamente trae las relaciones, la experiencia, el &#8220;power&#8221;, los personajes de peso, es el pap\u00e1, quien ahorita ser\u00eda el mejor consigliere en tiempos de guerra electoral.<\/p>\n\n\n\n<p>Otra versi\u00f3n es que el exgobernador Miguel \u00c1ngel Yunes Linares anda escondido porque ya le mandaron sendos avisos de que est\u00e1 siendo investigado y le encontraron los expedientes que nunca cerraron y estaban guardaditos en los archivos. Por eso tampoco puede aparecer as\u00ed tan claro en los reflectores para ayudar a su chiquito, pero ya se ver\u00e1.<\/p>\n\n\n\n<p>Dicen incluso sus simpatizantes que no entienden porqu\u00e9 se complic\u00f3 tanto &#8220;Miguel Chiquito&#8221; cuando ten\u00eda pr\u00e1cticamente la alcald\u00eda de Boca del R\u00edo en la mano sin problemas para falsear documentos para la residencia; claro, la diferencia es abismal: hay m\u00e1s presupuesto en el Ayuntamiento de Veracruz para los planes del 2024.<\/p>\n\n\n\n<p><strong>NOTA PARA PEGAR EN EL REFRI:<\/strong> Este domingo se dio a conocer un pronunciamiento de la Red Mexicana de Organizaciones en Contra de la Criminalizaci\u00f3n del VIH, donde manifiesta de manera firme su preocupaci\u00f3n e inconformidad frente a la opacidad y deficiencia en la compra de medicamentos antirretrovirales (ARVs) por parte del Instituto Nacional de Salud para el Bienestar (INSABI), &#8220;en tanto pone en riesgo el abasto, y con ello la salud y la vida de aproximadamente 265 mil personas, que reciben tratamiento en nuestro pa\u00eds&#8221;\u2026 En dicho documento enviado a periodistas, indica que aunque hace apenas unos d\u00edas el Centro Nacional para la Prevenci\u00f3n y el Control del VIH y el Sida (Censida), que dirige la Dra. Alethse De la Torre Rosas, asegur\u00f3 que cuenta con el abasto suficiente para garantizar los tratamientos de esta poblaci\u00f3n, es importante remarcar que esto no cubre todo el a\u00f1o, sino solamente hasta el mes de junio\u2026 &#8220;Nos preocupa enormemente el hecho de que, aunque por el momento no haya desabasto, ello no implica que no exista la posibilidad del mismo de manera generalizada en tanto no hay fecha certera en la compra de dichos medicamentos por por falta de licitaci\u00f3n oportuna. De manera paralela, nos preocupa que los operadores log\u00edsticos para Instituto Mexicano del Seguro Social (IMSS), Instituto de Seguridad y Servicios Sociales para los Trabajadores del Estado (ISSSTE) y Censida no est\u00e1n definidos todav\u00eda, es decir, no hay un modelo para garantizar la entrega de los medicamentos&#8221;\u2026 Finalmente, exhortan &#8220;a la Secretar\u00eda de Salud Federal y al INSABI, para que asuman su responsabilidad para con la salud y la vida de las personas con VIH y sida de nuestro pa\u00eds, dando inmediata soluci\u00f3n para garantizar la efectiva planeaci\u00f3n, adquisici\u00f3n, distribuci\u00f3n y entrega de los medicamentos ARVs estos, erradicando toda posibilidad de desbasto&#8221;.<\/p>\n\n\n\n<p><strong>OTRA NOTA: <\/strong>Que este domingo rindi\u00f3 protesta como diputado por el distrito de Orizaba el afamado monero Ram\u00f3n Carlos Rocha Manilla, mejor conocido como Rochagarfias, en el Congreso del Estado, supliendo a Augusto Nah\u00fam \u00c1lvarez Pellico, quien se fue a la aventura de la alcald\u00eda de Pluviosilla (que la neta se ve muy dif\u00edcil que gane). Sin hacer tanto show y sin vender espejitos, un caricaturista lleg\u00f3 a la actual legislatura.<\/p>\n\n\n\n<p><strong>LA \u00daLTIMA PORQUE HOY NO SE F\u00cdA, MA\u00d1ANA S\u00cd: <\/strong>Que el alcalde de Teocelo, Mario Chama D\u00edaz, renunci\u00f3 a las filas del Partido Encuentro Solidario (PES, antes Encuentro Social) convirti\u00e9ndose as\u00ed en el \u00faltimo basti\u00f3n que le quedaba a ese instituto pol\u00edtico dirigido en el estado por Gonzalo Gu\u00edzar Valladares, hoy diputado local, quien lleg\u00f3 a la curul por el efecto L\u00f3pez Obrador en aquella alianza que hizo Morena con partidos como el PT y el propio PES\u2026 Chama D\u00edaz explic\u00f3 a reporteros que el motivo de su renuncia al PES es porque no est\u00e1 de acuerdo en la pol\u00edtica que se viene aplicando en la dirigencia estatal, pero tampoco en la nacional encabezada por Hugo Eric Flores, quien este domingo arremeti\u00f3 contra el Gobierno de Veracruz\u2026 Otras versiones hablan del sello de Gonzalo: la vendimia electoral y la traici\u00f3n, por lo que sus presidentes municipales decidieron pintarle mocos\u2026 Por cierto, con esto se complica el registro del partido nuevamente.<\/p>\n","protected":false},"excerpt":{"rendered":"<p>@pablojair Deficiencia en la compra de medicamentos antirretrovirales. Un caricaturista en el Congreso del Estado de Veracruz. Mario Chama renuncia al Partido Encuentro Solidario. De esas veces que est\u00e1s pensando algo pal Chopenjawery terminas pensando en ella&#8211;Chopenjawer Me comenta un cuate del puerto de Veracruz: &#8220;Creo que s\u00ed va en serio lo del Chikis. Un [&hellip;]<\/p>\n","protected":false},"author":1,"featured_media":488,"comment_status":"open","ping_status":"open","sticky":false,"template":"","format":"standard","meta":{"_jetpack_memberships_contains_paid_content":false,"footnotes":""},"categories":[11],"tags":[],"class_list":["post-13599","post","type-post","status-publish","format-standard","has-post-thumbnail","hentry","category-opinion"],"jetpack_featured_media_url":"https:\/\/encuentroinformativo.com.mx\/wp-content\/uploads\/2020\/03\/F471F608-BA1A-416B-BA7B-BCFB24F4E6D0.jpeg","jetpack_sharing_enabled":true,"jetpack_likes_enabled":true,"amp_enabled":true,"_links":{"self":[{"href":"https:\/\/encuentroinformativo.com.mx\/index.php?rest_route=\/wp\/v2\/posts\/13599","targetHints":{"allow":["GET"]}}],"collection":[{"href":"https:\/\/encuentroinformativo.com.mx\/index.php?rest_route=\/wp\/v2\/posts"}],"about":[{"href":"https:\/\/encuentroinformativo.com.mx\/index.php?rest_route=\/wp\/v2\/types\/post"}],"author":[{"embeddable":true,"href":"https:\/\/encuentroinformativo.com.mx\/index.php?rest_route=\/wp\/v2\/users\/1"}],"replies":[{"embeddable":true,"href":"https:\/\/encuentroinformativo.com.mx\/index.php?rest_route=%2Fwp%2Fv2%2Fcomments&post=13599"}],"version-history":[{"count":1,"href":"https:\/\/encuentroinformativo.com.mx\/index.php?rest_route=\/wp\/v2\/posts\/13599\/revisions"}],"predecessor-version":[{"id":13600,"href":"https:\/\/encuentroinformativo.com.mx\/index.php?rest_route=\/wp\/v2\/posts\/13599\/revisions\/13600"}],"wp:featuredmedia":[{"embeddable":true,"href":"https:\/\/encuentroinformativo.com.mx\/index.php?rest_route=\/wp\/v2\/media\/488"}],"wp:attachment":[{"href":"https:\/\/encuentroinformativo.com.mx\/index.php?rest_route=%2Fwp%2Fv2%2Fmedia&parent=13599"}],"wp:term":[{"taxonomy":"category","embeddable":true,"href":"https:\/\/encuentroinformativo.com.mx\/index.php?rest_route=%2Fwp%2Fv2%2Fcategories&post=13599"},{"taxonomy":"post_tag","embeddable":true,"href":"https:\/\/encuentroinformativo.com.mx\/index.php?rest_route=%2Fwp%2Fv2%2Ftags&post=13599"}],"curies":[{"name":"wp","href":"https:\/\/api.w.org\/{rel}","templated":true}]}}