{"id":13625,"date":"2021-05-03T15:08:50","date_gmt":"2021-05-03T20:08:50","guid":{"rendered":"https:\/\/encuentroinformativo.com.mx\/?p=13625"},"modified":"2021-05-03T15:08:54","modified_gmt":"2021-05-03T20:08:54","slug":"sin-recibir-citatorio-fernando-yunes-por-presunta-falsificacion-de-documentos","status":"publish","type":"post","link":"https:\/\/encuentroinformativo.com.mx\/?p=13625","title":{"rendered":"Sin recibir citatorio Fernando Yunes por presunta falsificaci\u00f3n de documentos"},"content":{"rendered":"\n<p><strong>Alejandro \u00c1vila<\/strong><\/p>\n\n\n\n<p>Veracruz, Ver.- El presidente municipal de Veracruz, Fernando Yunes M\u00e1rquez, asegur\u00f3 que al momento no ha sido citado por ninguna instancia por la presunta falsificaci\u00f3n del documento que avala la residencia en la ciudad, de su hermano Miguel \u00c1ngel Yunes M\u00e1rquez, quien es el candidato a suplirlo en la alcald\u00eda.<\/p>\n\n\n\n<p>El edil panista calific\u00f3 como lamentable que las personas que lo acusan, no conozcan las leyes, pues afirm\u00f3 que los que han sido se\u00f1alados cuentan con la facultad para realizar dicho tr\u00e1mite.<\/p>\n\n\n\n<p>\u201cNo, no me han citado a declarar, pero si me citan con mucho gusto ir\u00e9, pero me da pena que no conozcan de derecho pr\u00e1cticamente nada, hablan de falsificar un documento cuando todas las personas se\u00f1aladas tienen funciones y est\u00e1n facultadas por la ley\u201d, expres\u00f3.<\/p>\n\n\n\n<p>Agreg\u00f3 que en inicio, no se trata de una falsificaci\u00f3n, pues es un documento original, que expide el Ayuntamiento a cualquier ciudadano que lo solicite.<\/p>\n\n\n\n<p>&nbsp;\u201cUna falsificaci\u00f3n de un documento es cuando yo en mi computadora hiciera un documento del SAT y falsificar\u00e1 la firma del director SAT, eso es falsificar un documento, pero cuando uno tiene facultades no importa que sea el director de Protecci\u00f3n Civil, o la regidora, no se puede hablar de la falsificaci\u00f3n de documento\u201d, apunt\u00f3.<\/p>\n\n\n\n<p>En otro tema, dijo que la presunta acusaci\u00f3n de desv\u00edo de recursos del Fondo de Hidrocarburos Maritimos, es un &#8220;refrito&#8221;, un se\u00f1alamiento que le hizo ya Gobierno del Estado por la Cuenta P\u00fablica 2018, que ahora intentan reavivar previo a las campa\u00f1as pol\u00edticas, pero que la misma Auditor\u00eda Superior de la Federaci\u00f3n (ASF) ya aclar\u00f3 y los exhoner\u00f3 de cualquier presunta irregularidad.<\/p>\n\n\n\n<p>Este lunes, el alcalde Fernando Yunes M\u00e1rquez, present\u00f3 el programa de prevenci\u00f3n de inundaciones para la temporada de lluvias, donde resalt\u00f3 que se habilitaron nueve albergues temporales con capacidad para mil personas y se limpiaron 338 lugares de \u00e1reas de captaci\u00f3n pluvial, as\u00ed como mil 358 alcantarillas, tragatormentas y registros de diversos punto del municipio.<\/p>\n","protected":false},"excerpt":{"rendered":"<p>Alejandro \u00c1vila Veracruz, Ver.- El presidente municipal de Veracruz, Fernando Yunes M\u00e1rquez, asegur\u00f3 que al momento no ha sido citado por ninguna instancia por la presunta falsificaci\u00f3n del documento que avala la residencia en la ciudad, de su hermano Miguel \u00c1ngel Yunes M\u00e1rquez, quien es el candidato a suplirlo en la alcald\u00eda. El edil panista [&hellip;]<\/p>\n","protected":false},"author":1,"featured_media":13626,"comment_status":"open","ping_status":"open","sticky":false,"template":"","format":"standard","meta":{"_jetpack_memberships_contains_paid_content":false,"footnotes":""},"categories":[2],"tags":[],"class_list":["post-13625","post","type-post","status-publish","format-standard","has-post-thumbnail","hentry","category-estado"],"jetpack_featured_media_url":"https:\/\/encuentroinformativo.com.mx\/wp-content\/uploads\/2021\/05\/80E91E9D-9F68-4AE8-9ACE-6B703F0B4BA3.jpeg","jetpack_sharing_enabled":true,"jetpack_likes_enabled":true,"amp_enabled":true,"_links":{"self":[{"href":"https:\/\/encuentroinformativo.com.mx\/index.php?rest_route=\/wp\/v2\/posts\/13625","targetHints":{"allow":["GET"]}}],"collection":[{"href":"https:\/\/encuentroinformativo.com.mx\/index.php?rest_route=\/wp\/v2\/posts"}],"about":[{"href":"https:\/\/encuentroinformativo.com.mx\/index.php?rest_route=\/wp\/v2\/types\/post"}],"author":[{"embeddable":true,"href":"https:\/\/encuentroinformativo.com.mx\/index.php?rest_route=\/wp\/v2\/users\/1"}],"replies":[{"embeddable":true,"href":"https:\/\/encuentroinformativo.com.mx\/index.php?rest_route=%2Fwp%2Fv2%2Fcomments&post=13625"}],"version-history":[{"count":1,"href":"https:\/\/encuentroinformativo.com.mx\/index.php?rest_route=\/wp\/v2\/posts\/13625\/revisions"}],"predecessor-version":[{"id":13627,"href":"https:\/\/encuentroinformativo.com.mx\/index.php?rest_route=\/wp\/v2\/posts\/13625\/revisions\/13627"}],"wp:featuredmedia":[{"embeddable":true,"href":"https:\/\/encuentroinformativo.com.mx\/index.php?rest_route=\/wp\/v2\/media\/13626"}],"wp:attachment":[{"href":"https:\/\/encuentroinformativo.com.mx\/index.php?rest_route=%2Fwp%2Fv2%2Fmedia&parent=13625"}],"wp:term":[{"taxonomy":"category","embeddable":true,"href":"https:\/\/encuentroinformativo.com.mx\/index.php?rest_route=%2Fwp%2Fv2%2Fcategories&post=13625"},{"taxonomy":"post_tag","embeddable":true,"href":"https:\/\/encuentroinformativo.com.mx\/index.php?rest_route=%2Fwp%2Fv2%2Ftags&post=13625"}],"curies":[{"name":"wp","href":"https:\/\/api.w.org\/{rel}","templated":true}]}}