{"id":1363,"date":"2020-03-27T18:22:27","date_gmt":"2020-03-28T00:22:27","guid":{"rendered":"https:\/\/encuentroinformativo.com\/?p=1363"},"modified":"2020-03-27T18:22:29","modified_gmt":"2020-03-28T00:22:29","slug":"en-breve-apoyos-para-micro-empresarios-gobernador","status":"publish","type":"post","link":"https:\/\/encuentroinformativo.com.mx\/?p=1363","title":{"rendered":"En breve, apoyos para micro empresarios: Gobernador"},"content":{"rendered":"\n<p><strong>Dar\u00edo Pale <\/strong><\/p>\n\n\n\n<p>Xalapa, Ver.- El gobernador del estado Cuitl\u00e1huac Garc\u00eda Jim\u00e9nez dio a conocer que el d\u00eda lunes presentar\u00e1n los apoyos que dar\u00e1n a los empresarios.<\/p>\n\n\n\n<p>Entrevistado en las calles del centro de Xalapa se\u00f1al\u00f3, que ya tienen qu\u00e9 medidas implementar\u00e1n, debido a que el presidente de M\u00e9xico Andr\u00e9s Manuel L\u00f3pez Obrador fue m\u00e1s enf\u00e1tico el d\u00eda de hoy y en el estado har\u00e1n el anuncio m\u00e1s adelante.<\/p>\n\n\n\n<p>Cabe se\u00f1alar que vendedoras del parque Ju\u00e1rez lo abordaron para solicitar su apoyo debido a que casi no han tenido ventas, a lo cual se\u00f1al\u00f3 que van a ver qu\u00e9 har\u00e1n y les solicit\u00f3 que escuchen las noticias ya que ah\u00ed dar\u00e1n a conocer los apoyos.<\/p>\n\n\n\n<p>Por \u00faltimo les se\u00f1al\u00f3 que los apoyos ser\u00e1n para los Microempresarios, a lo cual le respondieron que esperan que sea cierto lo de los apoyos.<\/p>\n\n\n\n<p><\/p>\n","protected":false},"excerpt":{"rendered":"<p>Dar\u00edo Pale Xalapa, Ver.- El gobernador del estado Cuitl\u00e1huac Garc\u00eda Jim\u00e9nez dio a conocer que el d\u00eda lunes presentar\u00e1n los apoyos que dar\u00e1n a los empresarios. Entrevistado en las calles del centro de Xalapa se\u00f1al\u00f3, que ya tienen qu\u00e9 medidas implementar\u00e1n, debido a que el presidente de M\u00e9xico Andr\u00e9s Manuel L\u00f3pez Obrador fue m\u00e1s enf\u00e1tico [&hellip;]<\/p>\n","protected":false},"author":1,"featured_media":1364,"comment_status":"open","ping_status":"open","sticky":false,"template":"","format":"standard","meta":{"_jetpack_memberships_contains_paid_content":false,"footnotes":""},"categories":[2],"tags":[],"class_list":["post-1363","post","type-post","status-publish","format-standard","has-post-thumbnail","hentry","category-estado"],"jetpack_featured_media_url":"https:\/\/encuentroinformativo.com.mx\/wp-content\/uploads\/2020\/03\/A28295D2-39C2-4A39-AB99-2B095DEF1044.jpeg","jetpack_sharing_enabled":true,"jetpack_likes_enabled":true,"amp_enabled":true,"_links":{"self":[{"href":"https:\/\/encuentroinformativo.com.mx\/index.php?rest_route=\/wp\/v2\/posts\/1363","targetHints":{"allow":["GET"]}}],"collection":[{"href":"https:\/\/encuentroinformativo.com.mx\/index.php?rest_route=\/wp\/v2\/posts"}],"about":[{"href":"https:\/\/encuentroinformativo.com.mx\/index.php?rest_route=\/wp\/v2\/types\/post"}],"author":[{"embeddable":true,"href":"https:\/\/encuentroinformativo.com.mx\/index.php?rest_route=\/wp\/v2\/users\/1"}],"replies":[{"embeddable":true,"href":"https:\/\/encuentroinformativo.com.mx\/index.php?rest_route=%2Fwp%2Fv2%2Fcomments&post=1363"}],"version-history":[{"count":1,"href":"https:\/\/encuentroinformativo.com.mx\/index.php?rest_route=\/wp\/v2\/posts\/1363\/revisions"}],"predecessor-version":[{"id":1365,"href":"https:\/\/encuentroinformativo.com.mx\/index.php?rest_route=\/wp\/v2\/posts\/1363\/revisions\/1365"}],"wp:featuredmedia":[{"embeddable":true,"href":"https:\/\/encuentroinformativo.com.mx\/index.php?rest_route=\/wp\/v2\/media\/1364"}],"wp:attachment":[{"href":"https:\/\/encuentroinformativo.com.mx\/index.php?rest_route=%2Fwp%2Fv2%2Fmedia&parent=1363"}],"wp:term":[{"taxonomy":"category","embeddable":true,"href":"https:\/\/encuentroinformativo.com.mx\/index.php?rest_route=%2Fwp%2Fv2%2Fcategories&post=1363"},{"taxonomy":"post_tag","embeddable":true,"href":"https:\/\/encuentroinformativo.com.mx\/index.php?rest_route=%2Fwp%2Fv2%2Ftags&post=1363"}],"curies":[{"name":"wp","href":"https:\/\/api.w.org\/{rel}","templated":true}]}}