{"id":13635,"date":"2021-05-03T16:54:28","date_gmt":"2021-05-03T21:54:28","guid":{"rendered":"https:\/\/encuentroinformativo.com.mx\/?p=13635"},"modified":"2021-05-03T16:54:32","modified_gmt":"2021-05-03T21:54:32","slug":"deberan-certificarse-policias-de-jilotepec-gobernador","status":"publish","type":"post","link":"https:\/\/encuentroinformativo.com.mx\/?p=13635","title":{"rendered":"Deber\u00e1n certificarse polic\u00edas de Jilotepec: Gobernador"},"content":{"rendered":"\n<p><strong>Dar\u00edo Pale<\/strong><\/p>\n\n\n\n<p>Xalapa, Ver.- Con\u00a0base en las atribuciones de la Secretar\u00eda de Seguridad P\u00fablica, el d\u00eda de hoy tomaron el mando de la polic\u00eda municipal de Jilotepec, as\u00ed lo se\u00f1al\u00f3 el\u00a0gobernador Cuitl\u00e1huac Garc\u00eda Jim\u00e9nez.<\/p>\n\n\n\n<p>En su tradicional conferencia de prensa en la sala de Banderas de palacio de Gobierno, sin decir a qu\u00e9 se refer\u00eda, argument\u00f3 que han estado sucediendo algunas situaciones en aquel municipio vecino, por lo que de una vez decidieron tomar el cargo.<\/p>\n\n\n\n<p>Inform\u00f3 que est\u00e1n implementando un operativo de supervisi\u00f3n a dicha polic\u00eda,\u00a0&#8220;va a tomar el mando la polic\u00eda estatal y los polic\u00edas ir\u00e1n a su revisi\u00f3n en la Academia de Polic\u00eda a fin de que todos queden certificados, ese es el proceso&#8221;.<\/p>\n\n\n\n<p>Dio a conocer que dicha acci\u00f3n es con base en el compromiso asumido con el Secretariado Ejecutivo del Sistema Nacional de Seguridad P\u00fablica, para hacer una revisi\u00f3n permanente de las certificaciones que deben tener las polic\u00edas municipales.<\/p>\n\n\n\n<p>\u201cEn Jilotepec han surgido algunas situaciones, entonces la decisi\u00f3n fue de una vez que se haga la revisi\u00f3n y mientras se hace la revisi\u00f3n, alrededor de 23 elementos, la Polic\u00eda Estatal se har\u00e1 cargo&#8221;, finaliz\u00f3.<\/p>\n","protected":false},"excerpt":{"rendered":"<p>Dar\u00edo Pale Xalapa, Ver.- Con\u00a0base en las atribuciones de la Secretar\u00eda de Seguridad P\u00fablica, el d\u00eda de hoy tomaron el mando de la polic\u00eda municipal de Jilotepec, as\u00ed lo se\u00f1al\u00f3 el\u00a0gobernador Cuitl\u00e1huac Garc\u00eda Jim\u00e9nez. En su tradicional conferencia de prensa en la sala de Banderas de palacio de Gobierno, sin decir a qu\u00e9 se refer\u00eda, [&hellip;]<\/p>\n","protected":false},"author":1,"featured_media":13636,"comment_status":"open","ping_status":"open","sticky":false,"template":"","format":"standard","meta":{"_jetpack_memberships_contains_paid_content":false,"footnotes":""},"categories":[2],"tags":[],"class_list":["post-13635","post","type-post","status-publish","format-standard","has-post-thumbnail","hentry","category-estado"],"jetpack_featured_media_url":"https:\/\/encuentroinformativo.com.mx\/wp-content\/uploads\/2021\/05\/B0DD2045-F81E-4B62-B98F-3B6D05EBCA20.jpeg","jetpack_sharing_enabled":true,"jetpack_likes_enabled":true,"amp_enabled":true,"_links":{"self":[{"href":"https:\/\/encuentroinformativo.com.mx\/index.php?rest_route=\/wp\/v2\/posts\/13635","targetHints":{"allow":["GET"]}}],"collection":[{"href":"https:\/\/encuentroinformativo.com.mx\/index.php?rest_route=\/wp\/v2\/posts"}],"about":[{"href":"https:\/\/encuentroinformativo.com.mx\/index.php?rest_route=\/wp\/v2\/types\/post"}],"author":[{"embeddable":true,"href":"https:\/\/encuentroinformativo.com.mx\/index.php?rest_route=\/wp\/v2\/users\/1"}],"replies":[{"embeddable":true,"href":"https:\/\/encuentroinformativo.com.mx\/index.php?rest_route=%2Fwp%2Fv2%2Fcomments&post=13635"}],"version-history":[{"count":1,"href":"https:\/\/encuentroinformativo.com.mx\/index.php?rest_route=\/wp\/v2\/posts\/13635\/revisions"}],"predecessor-version":[{"id":13637,"href":"https:\/\/encuentroinformativo.com.mx\/index.php?rest_route=\/wp\/v2\/posts\/13635\/revisions\/13637"}],"wp:featuredmedia":[{"embeddable":true,"href":"https:\/\/encuentroinformativo.com.mx\/index.php?rest_route=\/wp\/v2\/media\/13636"}],"wp:attachment":[{"href":"https:\/\/encuentroinformativo.com.mx\/index.php?rest_route=%2Fwp%2Fv2%2Fmedia&parent=13635"}],"wp:term":[{"taxonomy":"category","embeddable":true,"href":"https:\/\/encuentroinformativo.com.mx\/index.php?rest_route=%2Fwp%2Fv2%2Fcategories&post=13635"},{"taxonomy":"post_tag","embeddable":true,"href":"https:\/\/encuentroinformativo.com.mx\/index.php?rest_route=%2Fwp%2Fv2%2Ftags&post=13635"}],"curies":[{"name":"wp","href":"https:\/\/api.w.org\/{rel}","templated":true}]}}