{"id":13646,"date":"2021-05-04T10:46:50","date_gmt":"2021-05-04T15:46:50","guid":{"rendered":"https:\/\/encuentroinformativo.com.mx\/?p=13646"},"modified":"2021-05-04T10:46:54","modified_gmt":"2021-05-04T15:46:54","slug":"avalo-ople-candidatura-de-yunes-marquez","status":"publish","type":"post","link":"https:\/\/encuentroinformativo.com.mx\/?p=13646","title":{"rendered":"Aval\u00f3 OPLE candidatura de Yunes M\u00e1rquez"},"content":{"rendered":"\n<p><strong>Alejandro \u00c1vila<\/strong><\/p>\n\n\n\n<p>Veracruz, Ver.- La candidatura de Miguel \u00c1ngel Yunes M\u00e1rquez fue avalada este lunes por el Organismo P\u00fablico Local Electoral de Veracruz (OPLEV), por lo que el abanderado de la alianza &#8220;Veracruz Va&#8221;, no tendr\u00e1 problema alguno para realizar campa\u00f1a durante el mes de mayo.<\/p>\n\n\n\n<p>Cabe recordar que durante las \u00faltimas semanas, se rumor\u00f3 que el panista no podr\u00eda ser candidato pues no cumpl\u00eda con un requisito de residencia, pero en la sesi\u00f3n de este lunes del OPLEV y que inici\u00f3 a las 23 horas, finalmente le fue concedida la candidatura, ya que consider\u00f3 las denuncias carec\u00edan de sustengo legal.<\/p>\n\n\n\n<p>&#8220;Ya est\u00e1, las candidaturas estuvieron avaladas ayer, demuestra que mi candidatura cumple con todos los requisitos de ley, por eso estoy el d\u00eda de hoy iniciando ya campa\u00f1a y convencido de que vamos a ganar&#8221;, manifest\u00f3 Yunes M\u00e1rquez.<\/p>\n\n\n\n<p>El martes en su inicio de campa\u00f1a, se\u00f1al\u00f3 que una de los problemas principales que atacar\u00e1 en caso de ser electo, ser\u00e1 el de revisar y regular las concesiones que administran el agua, pues ha habido miles de quejas de la forma en que Grupo MAS trabaja en la ciudad, pues la poblaci\u00f3n acusa cobro excesivo y falta de infraestructura hidr\u00e1ulica.<\/p>\n\n\n\n<p>&#8220;Yo sostengo que el tema de la concesi\u00f3n es correcto, que necesitamos el dinero de la iniciativa privada en temas como estos, porque el tema del agua es un tema que requiere mucha inversi\u00f3n, la cual los Ayuntamientos no tienen y menos ahora que han desaparecido los programas federales que apoyaban a la infraestructura para los Ayuntamientos. Yo creo que las concesiones s\u00ed son correctas, es lo que tenemos que seguir haciendo, pero tenemos que revisar que se cumpla lo que se establecio en el inicio de las concesiones&#8221;, remat\u00f3.<\/p>\n","protected":false},"excerpt":{"rendered":"<p>Alejandro \u00c1vila Veracruz, Ver.- La candidatura de Miguel \u00c1ngel Yunes M\u00e1rquez fue avalada este lunes por el Organismo P\u00fablico Local Electoral de Veracruz (OPLEV), por lo que el abanderado de la alianza &#8220;Veracruz Va&#8221;, no tendr\u00e1 problema alguno para realizar campa\u00f1a durante el mes de mayo. Cabe recordar que durante las \u00faltimas semanas, se rumor\u00f3 [&hellip;]<\/p>\n","protected":false},"author":1,"featured_media":13647,"comment_status":"open","ping_status":"open","sticky":false,"template":"","format":"standard","meta":{"_jetpack_memberships_contains_paid_content":false,"footnotes":""},"categories":[2],"tags":[],"class_list":["post-13646","post","type-post","status-publish","format-standard","has-post-thumbnail","hentry","category-estado"],"jetpack_featured_media_url":"https:\/\/encuentroinformativo.com.mx\/wp-content\/uploads\/2021\/05\/5254AA01-5183-4080-841A-732F4B3467F8.jpeg","jetpack_sharing_enabled":true,"jetpack_likes_enabled":true,"amp_enabled":true,"_links":{"self":[{"href":"https:\/\/encuentroinformativo.com.mx\/index.php?rest_route=\/wp\/v2\/posts\/13646","targetHints":{"allow":["GET"]}}],"collection":[{"href":"https:\/\/encuentroinformativo.com.mx\/index.php?rest_route=\/wp\/v2\/posts"}],"about":[{"href":"https:\/\/encuentroinformativo.com.mx\/index.php?rest_route=\/wp\/v2\/types\/post"}],"author":[{"embeddable":true,"href":"https:\/\/encuentroinformativo.com.mx\/index.php?rest_route=\/wp\/v2\/users\/1"}],"replies":[{"embeddable":true,"href":"https:\/\/encuentroinformativo.com.mx\/index.php?rest_route=%2Fwp%2Fv2%2Fcomments&post=13646"}],"version-history":[{"count":1,"href":"https:\/\/encuentroinformativo.com.mx\/index.php?rest_route=\/wp\/v2\/posts\/13646\/revisions"}],"predecessor-version":[{"id":13648,"href":"https:\/\/encuentroinformativo.com.mx\/index.php?rest_route=\/wp\/v2\/posts\/13646\/revisions\/13648"}],"wp:featuredmedia":[{"embeddable":true,"href":"https:\/\/encuentroinformativo.com.mx\/index.php?rest_route=\/wp\/v2\/media\/13647"}],"wp:attachment":[{"href":"https:\/\/encuentroinformativo.com.mx\/index.php?rest_route=%2Fwp%2Fv2%2Fmedia&parent=13646"}],"wp:term":[{"taxonomy":"category","embeddable":true,"href":"https:\/\/encuentroinformativo.com.mx\/index.php?rest_route=%2Fwp%2Fv2%2Fcategories&post=13646"},{"taxonomy":"post_tag","embeddable":true,"href":"https:\/\/encuentroinformativo.com.mx\/index.php?rest_route=%2Fwp%2Fv2%2Ftags&post=13646"}],"curies":[{"name":"wp","href":"https:\/\/api.w.org\/{rel}","templated":true}]}}