{"id":13649,"date":"2021-05-04T11:08:06","date_gmt":"2021-05-04T16:08:06","guid":{"rendered":"https:\/\/encuentroinformativo.com.mx\/?p=13649"},"modified":"2021-05-04T11:08:09","modified_gmt":"2021-05-04T16:08:09","slug":"impresionante-arranque-de-campana-de-amado-cruz","status":"publish","type":"post","link":"https:\/\/encuentroinformativo.com.mx\/?p=13649","title":{"rendered":"Impresionante arranque de campa\u00f1a de Amado Cruz"},"content":{"rendered":"\n<p>Ernesto Elizondo<\/p>\n\n\n\n<p>Coatzacoalcos, Ver.- Al primer minuto del d\u00eda 4 de mayo, arranc\u00f3 de manera impresionante la campa\u00f1a de Amado Cruz Malpica, candidato de Morena por la Presidencia municipal de Coatzacoalcos.<\/p>\n\n\n\n<p>Se pretend\u00eda tener un arranque sencillo, pero se desbord\u00f3 el entusiasmo de sus seguidores, bloqueando la calle Lerdo, entre Allende y 16 de Septiembre.<\/p>\n\n\n\n<p>Los organizadores del evento quer\u00edan evitar molestias a los vecinos, ya que se trata de un sector populoso, sin embargo fueron muchos los ciudadanos que se dieron cita en el lugar, as\u00ed que las molestias fueron imposibles de evitar cuando el entusiasmo se desborda.<br>Cruz Malpica agradeci\u00f3 la presencia de todos, entre porras y vivas, dijo \u201c\u00a1Coatzacoalcos ya gan\u00f3!\u201d.<\/p>\n\n\n\n<p>La lectura de este primer evento de campa\u00f1a es que se trata de una espont\u00e1nea demostraci\u00f3n de afecto y apoyo para Amado Cruz y para Morena, el partido que emprendi\u00f3 una serie de cambios en el pa\u00eds con miras a mejorar las condiciones de vida de todos los mexicanos.<\/p>\n\n\n\n<p>Tambi\u00e9n puede verse que, a pesar de cualquier opini\u00f3n en contra, la gente est\u00e1 segura que Cruz Malpica representa las posibilidades de un futuro mejor para la clase trabajadora.<\/p>\n\n\n\n<p>Sin duda, el entusiasmo mostrado la madrugada de este martes, se replicar\u00e1 durante toda la campa\u00f1a y su resultado se ver\u00e1 reflejado en las urnas.<\/p>\n","protected":false},"excerpt":{"rendered":"<p>Ernesto Elizondo Coatzacoalcos, Ver.- Al primer minuto del d\u00eda 4 de mayo, arranc\u00f3 de manera impresionante la campa\u00f1a de Amado Cruz Malpica, candidato de Morena por la Presidencia municipal de Coatzacoalcos. Se pretend\u00eda tener un arranque sencillo, pero se desbord\u00f3 el entusiasmo de sus seguidores, bloqueando la calle Lerdo, entre Allende y 16 de Septiembre. [&hellip;]<\/p>\n","protected":false},"author":1,"featured_media":13650,"comment_status":"open","ping_status":"open","sticky":false,"template":"","format":"standard","meta":{"_jetpack_memberships_contains_paid_content":false,"footnotes":""},"categories":[2],"tags":[],"class_list":["post-13649","post","type-post","status-publish","format-standard","has-post-thumbnail","hentry","category-estado"],"jetpack_featured_media_url":"https:\/\/encuentroinformativo.com.mx\/wp-content\/uploads\/2021\/05\/02A19C28-5DDA-4080-AF2F-B10C9F3DDDE0.jpeg","jetpack_sharing_enabled":true,"jetpack_likes_enabled":true,"amp_enabled":true,"_links":{"self":[{"href":"https:\/\/encuentroinformativo.com.mx\/index.php?rest_route=\/wp\/v2\/posts\/13649","targetHints":{"allow":["GET"]}}],"collection":[{"href":"https:\/\/encuentroinformativo.com.mx\/index.php?rest_route=\/wp\/v2\/posts"}],"about":[{"href":"https:\/\/encuentroinformativo.com.mx\/index.php?rest_route=\/wp\/v2\/types\/post"}],"author":[{"embeddable":true,"href":"https:\/\/encuentroinformativo.com.mx\/index.php?rest_route=\/wp\/v2\/users\/1"}],"replies":[{"embeddable":true,"href":"https:\/\/encuentroinformativo.com.mx\/index.php?rest_route=%2Fwp%2Fv2%2Fcomments&post=13649"}],"version-history":[{"count":1,"href":"https:\/\/encuentroinformativo.com.mx\/index.php?rest_route=\/wp\/v2\/posts\/13649\/revisions"}],"predecessor-version":[{"id":13651,"href":"https:\/\/encuentroinformativo.com.mx\/index.php?rest_route=\/wp\/v2\/posts\/13649\/revisions\/13651"}],"wp:featuredmedia":[{"embeddable":true,"href":"https:\/\/encuentroinformativo.com.mx\/index.php?rest_route=\/wp\/v2\/media\/13650"}],"wp:attachment":[{"href":"https:\/\/encuentroinformativo.com.mx\/index.php?rest_route=%2Fwp%2Fv2%2Fmedia&parent=13649"}],"wp:term":[{"taxonomy":"category","embeddable":true,"href":"https:\/\/encuentroinformativo.com.mx\/index.php?rest_route=%2Fwp%2Fv2%2Fcategories&post=13649"},{"taxonomy":"post_tag","embeddable":true,"href":"https:\/\/encuentroinformativo.com.mx\/index.php?rest_route=%2Fwp%2Fv2%2Ftags&post=13649"}],"curies":[{"name":"wp","href":"https:\/\/api.w.org\/{rel}","templated":true}]}}