{"id":13660,"date":"2021-05-04T11:59:52","date_gmt":"2021-05-04T16:59:52","guid":{"rendered":"https:\/\/encuentroinformativo.com.mx\/?p=13660"},"modified":"2021-05-04T11:59:56","modified_gmt":"2021-05-04T16:59:56","slug":"retoman-normalistas-protestas-en-la-sev","status":"publish","type":"post","link":"https:\/\/encuentroinformativo.com.mx\/?p=13660","title":{"rendered":"Retoman normalistas protestas en la SEV"},"content":{"rendered":"\n<p><strong>Juan Arcos <\/strong><\/p>\n\n\n\n<p>Xalapa, Ver.- Normalistas egresados tomaron nuevamente las oficinas centrales de la Secretar\u00eda de Educaci\u00f3n de Veracruz (SEV), en busca de la asignaci\u00f3n de plazas docentes.<\/p>\n\n\n\n<p>Desde la madrugada de este martes 4 de mayo, colocaron pancartas sobre el acceso principal para impedir el acceso al personal y a los ciudadanos que acuden a realizar tr\u00e1mites.<\/p>\n\n\n\n<p>De acuerdo con Abraham Mart\u00ednez Cueto, vocero de los manifestantes, requieren plazas para Preescolar, Primaria, F\u00edsica, Telesecundaria, Especial y Secundarias T\u00e9cnicas y Generales.<\/p>\n\n\n\n<p>&#8220;No nos oponemos a la evaluaci\u00f3n, sin embargo nos preocupa nuestro lugar en la lista general y lo que puede pasar con los compa\u00f1eros que ya cuentan con una vacante definitiva\u201d, expres\u00f3.<\/p>\n\n\n\n<p>El entrevistado pidi\u00f3 una audiencia con las autoridades educativas para exponer nuevamente su inconformidad y llegar a un posible acuerdo.<\/p>\n\n\n\n<p>Los quejosos amagaron con permanecer en el lugar hasta que sean atendidas sus peticiones.\u00a0<br>Adem\u00e1s, amenazaron con bloquear la carretera federal Xalapa-Veracruz, a la altura de la Secretar\u00eda de Educaci\u00f3n de Veracruz, en caso de no ser atendidos.<\/p>\n","protected":false},"excerpt":{"rendered":"<p>Juan Arcos Xalapa, Ver.- Normalistas egresados tomaron nuevamente las oficinas centrales de la Secretar\u00eda de Educaci\u00f3n de Veracruz (SEV), en busca de la asignaci\u00f3n de plazas docentes. Desde la madrugada de este martes 4 de mayo, colocaron pancartas sobre el acceso principal para impedir el acceso al personal y a los ciudadanos que acuden a [&hellip;]<\/p>\n","protected":false},"author":1,"featured_media":13661,"comment_status":"open","ping_status":"open","sticky":false,"template":"","format":"standard","meta":{"_jetpack_memberships_contains_paid_content":false,"footnotes":""},"categories":[3],"tags":[],"class_list":["post-13660","post","type-post","status-publish","format-standard","has-post-thumbnail","hentry","category-xalapa"],"jetpack_featured_media_url":"https:\/\/encuentroinformativo.com.mx\/wp-content\/uploads\/2021\/05\/B0A0D6C0-0B80-4359-9174-2AD7DF9DC0B8.jpeg","jetpack_sharing_enabled":true,"jetpack_likes_enabled":true,"amp_enabled":true,"_links":{"self":[{"href":"https:\/\/encuentroinformativo.com.mx\/index.php?rest_route=\/wp\/v2\/posts\/13660","targetHints":{"allow":["GET"]}}],"collection":[{"href":"https:\/\/encuentroinformativo.com.mx\/index.php?rest_route=\/wp\/v2\/posts"}],"about":[{"href":"https:\/\/encuentroinformativo.com.mx\/index.php?rest_route=\/wp\/v2\/types\/post"}],"author":[{"embeddable":true,"href":"https:\/\/encuentroinformativo.com.mx\/index.php?rest_route=\/wp\/v2\/users\/1"}],"replies":[{"embeddable":true,"href":"https:\/\/encuentroinformativo.com.mx\/index.php?rest_route=%2Fwp%2Fv2%2Fcomments&post=13660"}],"version-history":[{"count":1,"href":"https:\/\/encuentroinformativo.com.mx\/index.php?rest_route=\/wp\/v2\/posts\/13660\/revisions"}],"predecessor-version":[{"id":13662,"href":"https:\/\/encuentroinformativo.com.mx\/index.php?rest_route=\/wp\/v2\/posts\/13660\/revisions\/13662"}],"wp:featuredmedia":[{"embeddable":true,"href":"https:\/\/encuentroinformativo.com.mx\/index.php?rest_route=\/wp\/v2\/media\/13661"}],"wp:attachment":[{"href":"https:\/\/encuentroinformativo.com.mx\/index.php?rest_route=%2Fwp%2Fv2%2Fmedia&parent=13660"}],"wp:term":[{"taxonomy":"category","embeddable":true,"href":"https:\/\/encuentroinformativo.com.mx\/index.php?rest_route=%2Fwp%2Fv2%2Fcategories&post=13660"},{"taxonomy":"post_tag","embeddable":true,"href":"https:\/\/encuentroinformativo.com.mx\/index.php?rest_route=%2Fwp%2Fv2%2Ftags&post=13660"}],"curies":[{"name":"wp","href":"https:\/\/api.w.org\/{rel}","templated":true}]}}