{"id":13663,"date":"2021-05-04T12:03:36","date_gmt":"2021-05-04T17:03:36","guid":{"rendered":"https:\/\/encuentroinformativo.com.mx\/?p=13663"},"modified":"2021-05-04T12:03:39","modified_gmt":"2021-05-04T17:03:39","slug":"tengo-experiencia-en-el-servicio-publico-unanue","status":"publish","type":"post","link":"https:\/\/encuentroinformativo.com.mx\/?p=13663","title":{"rendered":"Tengo experiencia en el servicio p\u00fablico: Unanue"},"content":{"rendered":"\n<p><strong>Alejandro \u00c1vila<\/strong><\/p>\n\n\n\n<p>Veracruz, Ver.- A diferencia de los candidatos de otros partidos, Juan Manuel de Unanue Abascal, abanderado del PAN para la alcald\u00eda en Boca del R\u00edo, manifest\u00f3 que \u00e9l tiene la experiencia en el servicio p\u00fablico, tras haber sido dos veces director en el Ayuntamiento y dos veces diputado local.<\/p>\n\n\n\n<p>Si bien dijo es una ventaja contra sus rivales, que apenas comienzan su lucha por un cargo p\u00fablico, expuso que tiene todo su respeto, pero existen diferencias, pues \u00e9l ha recorrido el municipio desde hace tiempo y conoce las necesidades de la gente.<\/p>\n\n\n\n<p>&#8220;Yo respeto a todos los candidatos como siempre lo he hecho, es mi cuarta campa\u00f1a, hacer lo de nosotros que es lo que sabemos, estar cercanos a la gente, a caminar las calles, estar en evento en las ma\u00f1anas, en recorridos en las tardes y no vamos a parar en esto 29 d\u00edas, 30 d\u00edas&#8221;, asest\u00f3.<\/p>\n\n\n\n<p>El panista, mencion\u00f3 que una de los temas fundamentales ser\u00e1 el ecol\u00f3gico, donde rescatar\u00e1 los manglares en la ciudad e implementar\u00e1n otras acciones necesarias para cuidar el medio ambiente en el municipio y los municipios con los que colindan.<\/p>\n","protected":false},"excerpt":{"rendered":"<p>Alejandro \u00c1vila Veracruz, Ver.- A diferencia de los candidatos de otros partidos, Juan Manuel de Unanue Abascal, abanderado del PAN para la alcald\u00eda en Boca del R\u00edo, manifest\u00f3 que \u00e9l tiene la experiencia en el servicio p\u00fablico, tras haber sido dos veces director en el Ayuntamiento y dos veces diputado local. Si bien dijo es [&hellip;]<\/p>\n","protected":false},"author":1,"featured_media":13664,"comment_status":"open","ping_status":"open","sticky":false,"template":"","format":"standard","meta":{"_jetpack_memberships_contains_paid_content":false,"footnotes":""},"categories":[2],"tags":[],"class_list":["post-13663","post","type-post","status-publish","format-standard","has-post-thumbnail","hentry","category-estado"],"jetpack_featured_media_url":"https:\/\/encuentroinformativo.com.mx\/wp-content\/uploads\/2021\/05\/0B37EA88-E731-4E8D-8CB6-4530A96ED166.jpeg","jetpack_sharing_enabled":true,"jetpack_likes_enabled":true,"amp_enabled":true,"_links":{"self":[{"href":"https:\/\/encuentroinformativo.com.mx\/index.php?rest_route=\/wp\/v2\/posts\/13663","targetHints":{"allow":["GET"]}}],"collection":[{"href":"https:\/\/encuentroinformativo.com.mx\/index.php?rest_route=\/wp\/v2\/posts"}],"about":[{"href":"https:\/\/encuentroinformativo.com.mx\/index.php?rest_route=\/wp\/v2\/types\/post"}],"author":[{"embeddable":true,"href":"https:\/\/encuentroinformativo.com.mx\/index.php?rest_route=\/wp\/v2\/users\/1"}],"replies":[{"embeddable":true,"href":"https:\/\/encuentroinformativo.com.mx\/index.php?rest_route=%2Fwp%2Fv2%2Fcomments&post=13663"}],"version-history":[{"count":1,"href":"https:\/\/encuentroinformativo.com.mx\/index.php?rest_route=\/wp\/v2\/posts\/13663\/revisions"}],"predecessor-version":[{"id":13665,"href":"https:\/\/encuentroinformativo.com.mx\/index.php?rest_route=\/wp\/v2\/posts\/13663\/revisions\/13665"}],"wp:featuredmedia":[{"embeddable":true,"href":"https:\/\/encuentroinformativo.com.mx\/index.php?rest_route=\/wp\/v2\/media\/13664"}],"wp:attachment":[{"href":"https:\/\/encuentroinformativo.com.mx\/index.php?rest_route=%2Fwp%2Fv2%2Fmedia&parent=13663"}],"wp:term":[{"taxonomy":"category","embeddable":true,"href":"https:\/\/encuentroinformativo.com.mx\/index.php?rest_route=%2Fwp%2Fv2%2Fcategories&post=13663"},{"taxonomy":"post_tag","embeddable":true,"href":"https:\/\/encuentroinformativo.com.mx\/index.php?rest_route=%2Fwp%2Fv2%2Ftags&post=13663"}],"curies":[{"name":"wp","href":"https:\/\/api.w.org\/{rel}","templated":true}]}}