{"id":13666,"date":"2021-05-04T12:14:43","date_gmt":"2021-05-04T17:14:43","guid":{"rendered":"https:\/\/encuentroinformativo.com.mx\/?p=13666"},"modified":"2021-05-04T12:14:46","modified_gmt":"2021-05-04T17:14:46","slug":"grupo-mas-no-ha-cumplido-a-los-medellinenses","status":"publish","type":"post","link":"https:\/\/encuentroinformativo.com.mx\/?p=13666","title":{"rendered":"Grupo MAS no ha cumplido a los medellinenses"},"content":{"rendered":"\n<p><strong>Alejandro \u00c1vila<\/strong><\/p>\n\n\n\n<p>Veracruz, Ver.- La empresa privada que administra el agua en Medell\u00edn de Bravo nunca cumpli\u00f3 con las expectativas de los ciudadanos, por lo que ser\u00e1 prioridad en caso de lograr la alcald\u00eda, el revisar la concesi\u00f3n y obligar a la empresa a que cumpla su contrato, se\u00f1al\u00f3 Gabriel C\u00e1rdenas Guizar, candidato a la alcald\u00eda de Medell\u00edn de Bravo por la alianza &#8220;Veracruz Va&#8221;.<\/p>\n\n\n\n<p>Las tarifas han sido motivo de queja por la ciudadan\u00eda, adem\u00e1s la falta de infraestructura adecuada, sobre todo, cuando la planta potabilizadora y de distribuci\u00f3n se encuentra en la localidad de El Tejar, municipio de Medell\u00edn de Bravo, y no existe beneficio alguno.<\/p>\n\n\n\n<p>&#8220;Hay que decirlo, la gente lo sabe bien, esa promesa de inversi\u00f3n millonaria que se hizo hace algunos a\u00f1os y con la que se justific\u00f3 el otorgamiento de la concesi\u00f3n que hoy opera en la mayor parte del territorio de Medell\u00edn, no se ha cumplido, la gente no est\u00e1 contenta con su servicio y nosotros tenemos que trabajar muy duro para resolver ese tema&#8221;, subray\u00f3.<\/p>\n\n\n\n<p>C\u00e1rdenas Guizar, dijo que lejos de buscar un problema con la empresa, o los municipios vecinos a quienes tambi\u00e9n abastecen de agua, como son Boca del R\u00edo y Veracruz, se deben buscar soluciones, pues la gente necesita respuestas a sus problemas y no m\u00e1s quejas, declar\u00f3.<\/p>\n","protected":false},"excerpt":{"rendered":"<p>Alejandro \u00c1vila Veracruz, Ver.- La empresa privada que administra el agua en Medell\u00edn de Bravo nunca cumpli\u00f3 con las expectativas de los ciudadanos, por lo que ser\u00e1 prioridad en caso de lograr la alcald\u00eda, el revisar la concesi\u00f3n y obligar a la empresa a que cumpla su contrato, se\u00f1al\u00f3 Gabriel C\u00e1rdenas Guizar, candidato a la [&hellip;]<\/p>\n","protected":false},"author":1,"featured_media":13667,"comment_status":"open","ping_status":"open","sticky":false,"template":"","format":"standard","meta":{"_jetpack_memberships_contains_paid_content":false,"footnotes":""},"categories":[2],"tags":[],"class_list":["post-13666","post","type-post","status-publish","format-standard","has-post-thumbnail","hentry","category-estado"],"jetpack_featured_media_url":"https:\/\/encuentroinformativo.com.mx\/wp-content\/uploads\/2021\/05\/280DC2E6-6B67-423E-B42D-B511651A04F9.jpeg","jetpack_sharing_enabled":true,"jetpack_likes_enabled":true,"amp_enabled":true,"_links":{"self":[{"href":"https:\/\/encuentroinformativo.com.mx\/index.php?rest_route=\/wp\/v2\/posts\/13666","targetHints":{"allow":["GET"]}}],"collection":[{"href":"https:\/\/encuentroinformativo.com.mx\/index.php?rest_route=\/wp\/v2\/posts"}],"about":[{"href":"https:\/\/encuentroinformativo.com.mx\/index.php?rest_route=\/wp\/v2\/types\/post"}],"author":[{"embeddable":true,"href":"https:\/\/encuentroinformativo.com.mx\/index.php?rest_route=\/wp\/v2\/users\/1"}],"replies":[{"embeddable":true,"href":"https:\/\/encuentroinformativo.com.mx\/index.php?rest_route=%2Fwp%2Fv2%2Fcomments&post=13666"}],"version-history":[{"count":1,"href":"https:\/\/encuentroinformativo.com.mx\/index.php?rest_route=\/wp\/v2\/posts\/13666\/revisions"}],"predecessor-version":[{"id":13668,"href":"https:\/\/encuentroinformativo.com.mx\/index.php?rest_route=\/wp\/v2\/posts\/13666\/revisions\/13668"}],"wp:featuredmedia":[{"embeddable":true,"href":"https:\/\/encuentroinformativo.com.mx\/index.php?rest_route=\/wp\/v2\/media\/13667"}],"wp:attachment":[{"href":"https:\/\/encuentroinformativo.com.mx\/index.php?rest_route=%2Fwp%2Fv2%2Fmedia&parent=13666"}],"wp:term":[{"taxonomy":"category","embeddable":true,"href":"https:\/\/encuentroinformativo.com.mx\/index.php?rest_route=%2Fwp%2Fv2%2Fcategories&post=13666"},{"taxonomy":"post_tag","embeddable":true,"href":"https:\/\/encuentroinformativo.com.mx\/index.php?rest_route=%2Fwp%2Fv2%2Ftags&post=13666"}],"curies":[{"name":"wp","href":"https:\/\/api.w.org\/{rel}","templated":true}]}}