{"id":13669,"date":"2021-05-04T12:31:45","date_gmt":"2021-05-04T17:31:45","guid":{"rendered":"https:\/\/encuentroinformativo.com.mx\/?p=13669"},"modified":"2021-05-04T20:48:35","modified_gmt":"2021-05-05T01:48:35","slug":"la-mejor-encuesta-el-6-de-junio-ahued","status":"publish","type":"post","link":"https:\/\/encuentroinformativo.com.mx\/?p=13669","title":{"rendered":"La mejor encuesta, el 6 de junio: Ahued"},"content":{"rendered":"\n<p><strong>Dar\u00edo Pale <\/strong><\/p>\n\n\n\n<p>Xalapa, Ver.- Despu\u00e9s de que se publicar\u00e1n algunas encuestas en donde el candidato Ricardo Ahued Bardahuil llevar\u00e1 la delantera por la alcald\u00eda de Xalapa por la coalici\u00f3n Morena-PT-PVEM afirm\u00f3 el candidato&nbsp;que no llega &#8220;sobrado&#8221; a buscar la presidencia municipal.<\/p>\n\n\n\n<p>En entrevista, durante su arranque de campa\u00f1a, en la colonia Olmeca, dijo que lleva cinco campa\u00f1as electorales, pero a la \u00fanica encuesta a la que hace caso es la del d\u00eda de la jornada electoral,&nbsp;&#8220;todos tienen el derecho y la posibilidad, yo no voy porque venga sobrado, vengo con la humildad de atender a la gente, de ganarme su confianza, de que su proyecto lo crea, le tenga confianza&#8221;.<\/p>\n\n\n\n<p>&#8220;Yo de las encuestas, lo \u00fanico que digo es que la encuesta mejor es la del d\u00eda que la gente sale a votar y me brinda su confianza y nos de el voto a este proyecto&#8221;, agreg\u00f3.<\/p>\n\n\n\n<p>Ahued asegur\u00f3 que los retos que le esperan a la capital son enormes y no se van a resolver con discordias, ni con pleitos ni con ambiciones personales, en&nbsp;ese orden de ideas, asegur\u00f3 que logr\u00f3 que hubiera unidad al interior de su partido, por lo que afirm\u00f3 que Morena no segrega, no distingue, solo propone lo que quiere como transformaci\u00f3n.<\/p>\n\n\n\n<p>&#8220;Leg\u00edtimamente aqu\u00ed estamos participando, dando cumplimiento a todas las normas que la ley nos exige para estar en un proceso electoral&#8221;, se\u00f1al\u00f3.<\/p>\n\n\n\n<p>Sostuvo que no lleg\u00f3 a dividir a la sociedad, ni a Morena, en ese sentido, llam\u00f3 a la sociedad a hacer suyo este proyecto.<\/p>\n\n\n\n<p>En relaci\u00f3n a la introducci\u00f3n de un gasoducto, defini\u00f3 que se opondr\u00e1 &#8220;en todos los sentidos&#8221; porque no permitir\u00e1 que se ponga en riesgo a la poblaci\u00f3n,&nbsp;&#8220;vamos a tomar el toro por los cuernos y lo vamos a hacer juntos&#8221;.<\/p>\n\n\n\n<p>Finalmente, el candidato a la presidencia municipal expres\u00f3 que Xalapa no es un bot\u00edn de un grupo de familia, sino que es una ciudad que debe ser de todas y todos donde se pueda hacer obra p\u00fablica, donde haya alegr\u00eda y bienestar.<\/p>\n","protected":false},"excerpt":{"rendered":"<p>Dar\u00edo Pale Xalapa, Ver.- Despu\u00e9s de que se publicar\u00e1n algunas encuestas en donde el candidato Ricardo Ahued Bardahuil llevar\u00e1 la delantera por la alcald\u00eda de Xalapa por la coalici\u00f3n Morena-PT-PVEM afirm\u00f3 el candidato&nbsp;que no llega &#8220;sobrado&#8221; a buscar la presidencia municipal. En entrevista, durante su arranque de campa\u00f1a, en la colonia Olmeca, dijo que lleva [&hellip;]<\/p>\n","protected":false},"author":1,"featured_media":13670,"comment_status":"open","ping_status":"open","sticky":false,"template":"","format":"standard","meta":{"_jetpack_memberships_contains_paid_content":false,"footnotes":""},"categories":[3],"tags":[],"class_list":["post-13669","post","type-post","status-publish","format-standard","has-post-thumbnail","hentry","category-xalapa"],"jetpack_featured_media_url":"https:\/\/encuentroinformativo.com.mx\/wp-content\/uploads\/2021\/05\/25ADF263-936F-4C5A-BBD1-5CFDC75D1FAB.jpeg","jetpack_sharing_enabled":true,"jetpack_likes_enabled":true,"amp_enabled":true,"_links":{"self":[{"href":"https:\/\/encuentroinformativo.com.mx\/index.php?rest_route=\/wp\/v2\/posts\/13669","targetHints":{"allow":["GET"]}}],"collection":[{"href":"https:\/\/encuentroinformativo.com.mx\/index.php?rest_route=\/wp\/v2\/posts"}],"about":[{"href":"https:\/\/encuentroinformativo.com.mx\/index.php?rest_route=\/wp\/v2\/types\/post"}],"author":[{"embeddable":true,"href":"https:\/\/encuentroinformativo.com.mx\/index.php?rest_route=\/wp\/v2\/users\/1"}],"replies":[{"embeddable":true,"href":"https:\/\/encuentroinformativo.com.mx\/index.php?rest_route=%2Fwp%2Fv2%2Fcomments&post=13669"}],"version-history":[{"count":2,"href":"https:\/\/encuentroinformativo.com.mx\/index.php?rest_route=\/wp\/v2\/posts\/13669\/revisions"}],"predecessor-version":[{"id":13697,"href":"https:\/\/encuentroinformativo.com.mx\/index.php?rest_route=\/wp\/v2\/posts\/13669\/revisions\/13697"}],"wp:featuredmedia":[{"embeddable":true,"href":"https:\/\/encuentroinformativo.com.mx\/index.php?rest_route=\/wp\/v2\/media\/13670"}],"wp:attachment":[{"href":"https:\/\/encuentroinformativo.com.mx\/index.php?rest_route=%2Fwp%2Fv2%2Fmedia&parent=13669"}],"wp:term":[{"taxonomy":"category","embeddable":true,"href":"https:\/\/encuentroinformativo.com.mx\/index.php?rest_route=%2Fwp%2Fv2%2Fcategories&post=13669"},{"taxonomy":"post_tag","embeddable":true,"href":"https:\/\/encuentroinformativo.com.mx\/index.php?rest_route=%2Fwp%2Fv2%2Ftags&post=13669"}],"curies":[{"name":"wp","href":"https:\/\/api.w.org\/{rel}","templated":true}]}}