{"id":13672,"date":"2021-05-04T13:44:11","date_gmt":"2021-05-04T18:44:11","guid":{"rendered":"https:\/\/encuentroinformativo.com.mx\/?p=13672"},"modified":"2021-05-04T13:44:15","modified_gmt":"2021-05-04T18:44:15","slug":"jovenes-preparados-para-hacer-politica-senala-abandera-priista","status":"publish","type":"post","link":"https:\/\/encuentroinformativo.com.mx\/?p=13672","title":{"rendered":"J\u00f3venes preparados para hacer pol\u00edtica, se\u00f1ala abandera pri\u00edsta"},"content":{"rendered":"\n<p><strong>Alejandro \u00c1vila<\/strong><\/p>\n\n\n\n<p>Boca del R\u00edo, Ver.- Katya Ortiz P\u00e9rez, candidata a la alcald\u00eda de Boca del R\u00edo por el PRI, manifest\u00f3 que acept\u00f3 la propuesta para hacer campa\u00f1a, pues demostrar\u00e1 que los jovenes est\u00e1n preparados para hacer pol\u00edtica de calidad.<\/p>\n\n\n\n<p>La empresaria reconoci\u00f3 que durante los \u00faltimos a\u00f1os, muchos jovenes hab\u00edan dejado de levantar la mano, algunos de ellos con las bases y cuadros necesarios para encabezar candidaturas, pero en esta ocasi\u00f3n, es parte de su labor resaltar que los tiempos han cambiado y que el PRI se est\u00e1 reestructurando.<\/p>\n\n\n\n<p>&#8220;Es una oportunidad que se me ha dado y es mi deber y obligaci\u00f3n representarlos y darles la misma oportunidad que a mi me han dado. Las propuestas son practicamente m\u00edas, les invito a que las conozcan, son propuestas de inter\u00e9s actual, de propuestas sociales que tenemos ahorita y que estamos viviendo y que creo que muchos de nosotros no alzamos la voz por alguna u otra manera&#8221;, declar\u00f3.<\/p>\n\n\n\n<p>Este martes por la ma\u00f1ana en rueda de prensa con medios de comunicaci\u00f3n, acompa\u00f1ada por su familia y amigos, arranc\u00f3 su campa\u00f1a y present\u00f3 sus propuestas basadas en el apoyo a las mujeres, empresarios y en desarrollo en pro de los animales.<\/p>\n","protected":false},"excerpt":{"rendered":"<p>Alejandro \u00c1vila Boca del R\u00edo, Ver.- Katya Ortiz P\u00e9rez, candidata a la alcald\u00eda de Boca del R\u00edo por el PRI, manifest\u00f3 que acept\u00f3 la propuesta para hacer campa\u00f1a, pues demostrar\u00e1 que los jovenes est\u00e1n preparados para hacer pol\u00edtica de calidad. La empresaria reconoci\u00f3 que durante los \u00faltimos a\u00f1os, muchos jovenes hab\u00edan dejado de levantar la [&hellip;]<\/p>\n","protected":false},"author":1,"featured_media":13673,"comment_status":"open","ping_status":"open","sticky":false,"template":"","format":"standard","meta":{"_jetpack_memberships_contains_paid_content":false,"footnotes":""},"categories":[2],"tags":[],"class_list":["post-13672","post","type-post","status-publish","format-standard","has-post-thumbnail","hentry","category-estado"],"jetpack_featured_media_url":"https:\/\/encuentroinformativo.com.mx\/wp-content\/uploads\/2021\/05\/A17747E2-6397-406B-8117-F16A02484CB3.jpeg","jetpack_sharing_enabled":true,"jetpack_likes_enabled":true,"amp_enabled":true,"_links":{"self":[{"href":"https:\/\/encuentroinformativo.com.mx\/index.php?rest_route=\/wp\/v2\/posts\/13672","targetHints":{"allow":["GET"]}}],"collection":[{"href":"https:\/\/encuentroinformativo.com.mx\/index.php?rest_route=\/wp\/v2\/posts"}],"about":[{"href":"https:\/\/encuentroinformativo.com.mx\/index.php?rest_route=\/wp\/v2\/types\/post"}],"author":[{"embeddable":true,"href":"https:\/\/encuentroinformativo.com.mx\/index.php?rest_route=\/wp\/v2\/users\/1"}],"replies":[{"embeddable":true,"href":"https:\/\/encuentroinformativo.com.mx\/index.php?rest_route=%2Fwp%2Fv2%2Fcomments&post=13672"}],"version-history":[{"count":1,"href":"https:\/\/encuentroinformativo.com.mx\/index.php?rest_route=\/wp\/v2\/posts\/13672\/revisions"}],"predecessor-version":[{"id":13674,"href":"https:\/\/encuentroinformativo.com.mx\/index.php?rest_route=\/wp\/v2\/posts\/13672\/revisions\/13674"}],"wp:featuredmedia":[{"embeddable":true,"href":"https:\/\/encuentroinformativo.com.mx\/index.php?rest_route=\/wp\/v2\/media\/13673"}],"wp:attachment":[{"href":"https:\/\/encuentroinformativo.com.mx\/index.php?rest_route=%2Fwp%2Fv2%2Fmedia&parent=13672"}],"wp:term":[{"taxonomy":"category","embeddable":true,"href":"https:\/\/encuentroinformativo.com.mx\/index.php?rest_route=%2Fwp%2Fv2%2Fcategories&post=13672"},{"taxonomy":"post_tag","embeddable":true,"href":"https:\/\/encuentroinformativo.com.mx\/index.php?rest_route=%2Fwp%2Fv2%2Ftags&post=13672"}],"curies":[{"name":"wp","href":"https:\/\/api.w.org\/{rel}","templated":true}]}}