{"id":13675,"date":"2021-05-04T14:09:57","date_gmt":"2021-05-04T19:09:57","guid":{"rendered":"https:\/\/encuentroinformativo.com.mx\/?p=13675"},"modified":"2021-05-04T14:10:01","modified_gmt":"2021-05-04T19:10:01","slug":"se-niegan-a-evaluacion-policias-de-jilotepec","status":"publish","type":"post","link":"https:\/\/encuentroinformativo.com.mx\/?p=13675","title":{"rendered":"Se niegan a evaluaci\u00f3n polic\u00edas de Jilotepec"},"content":{"rendered":"\n<p><strong>Juan Arcos <\/strong><\/p>\n\n\n\n<p>Xalapa, Ver.- Jilotepec se quedar\u00e1 sin Polic\u00eda Municipal, debido a que sus elementos se negaron a ser evaluados para contar con las acreditaciones correspondientes.<\/p>\n\n\n\n<p>La Secretar\u00eda de Seguridad P\u00fablica (SSP) inform\u00f3 que la seguridad del municipio de Jilotepec quedar\u00e1 a cargo de la Polic\u00eda Estatal hasta que el ayuntamiento acredite contar con una polic\u00eda confiable.<\/p>\n\n\n\n<p>De los 29 elementos que conforman la corporaci\u00f3n local, s\u00f3lo 19 fueron trasladados al Centro de Estudios e Investigaci\u00f3n en Seguridad (CEIS) de la comunidad El Lencero, municipio de Emiliano Zapata, pues el resto no se present\u00f3 a laborar.<\/p>\n\n\n\n<p>De acuerdo con la SSP, a cargo de Hugo Guti\u00e9rrez Maldonado, ning\u00fan elemento estaba facultado para la portaci\u00f3n de armamento y, por ello, los polic\u00edas municipales fueron desarmados el lunes 3 de mayo.<\/p>\n\n\n\n<p>En el CEIS, al ser conminados a presentar los respectivos ex\u00e1menes, de 19 polic\u00edas s\u00f3lo uno acept\u00f3 ser sometido a la evaluaci\u00f3n y el resto se neg\u00f3 rotundamente.<\/p>\n\n\n\n<p>Cabe recordar que la polic\u00eda municipal de Jilotepec fue intervenida por la SSP para verificar que los elementos cumplieran con sus ex\u00e1menes de control y confianza, as\u00ed como tambi\u00e9n, que el armamento cumpliera con lo establecido en la Licencia Colectiva para la portaci\u00f3n de armas.<\/p>\n\n\n\n<p>El gobernador de Veracruz, Cuitl\u00e1huac Garc\u00eda Jim\u00e9nez, indic\u00f3 que el objetivo del operativo en Jilotepec es mantener una revisi\u00f3n permanente para que los polic\u00edas municipales est\u00e9n certificados.<\/p>\n\n\n\n<p>A\u00f1adi\u00f3 que en dicho municipio han surgido algunas situaciones de inseguridad y, por ello, se decidi\u00f3 realizar una revisi\u00f3n para que los elementos locales acrediten los ex\u00e1menes de control y confianza.<\/p>\n\n\n\n<p>Cabe recordar que el pasado 7 de abril fue baleado un taxista de Naolinco en la comunidad El Esquil\u00f3n, municipio de Jilotepec, cuando viajaba a bordo de su unidad en compa\u00f1\u00eda de pasajeros, quienes resultaron ilesos.<\/p>\n\n\n\n<p>El conductor fue trasladado al Centro de Alta Especialidad (CAE) \u201cDoctor Rafael Lucio\u201d, ubicado en Xalapa, donde muri\u00f3 despu\u00e9s de unas horas, debido a la gravedad de las lesiones.<\/p>\n","protected":false},"excerpt":{"rendered":"<p>Juan Arcos Xalapa, Ver.- Jilotepec se quedar\u00e1 sin Polic\u00eda Municipal, debido a que sus elementos se negaron a ser evaluados para contar con las acreditaciones correspondientes. La Secretar\u00eda de Seguridad P\u00fablica (SSP) inform\u00f3 que la seguridad del municipio de Jilotepec quedar\u00e1 a cargo de la Polic\u00eda Estatal hasta que el ayuntamiento acredite contar con una [&hellip;]<\/p>\n","protected":false},"author":1,"featured_media":13676,"comment_status":"open","ping_status":"open","sticky":false,"template":"","format":"standard","meta":{"_jetpack_memberships_contains_paid_content":false,"footnotes":""},"categories":[8],"tags":[],"class_list":["post-13675","post","type-post","status-publish","format-standard","has-post-thumbnail","hentry","category-region"],"jetpack_featured_media_url":"https:\/\/encuentroinformativo.com.mx\/wp-content\/uploads\/2021\/05\/1480D036-C3A7-4A4E-B692-F45B643EA353.jpeg","jetpack_sharing_enabled":true,"jetpack_likes_enabled":true,"amp_enabled":true,"_links":{"self":[{"href":"https:\/\/encuentroinformativo.com.mx\/index.php?rest_route=\/wp\/v2\/posts\/13675","targetHints":{"allow":["GET"]}}],"collection":[{"href":"https:\/\/encuentroinformativo.com.mx\/index.php?rest_route=\/wp\/v2\/posts"}],"about":[{"href":"https:\/\/encuentroinformativo.com.mx\/index.php?rest_route=\/wp\/v2\/types\/post"}],"author":[{"embeddable":true,"href":"https:\/\/encuentroinformativo.com.mx\/index.php?rest_route=\/wp\/v2\/users\/1"}],"replies":[{"embeddable":true,"href":"https:\/\/encuentroinformativo.com.mx\/index.php?rest_route=%2Fwp%2Fv2%2Fcomments&post=13675"}],"version-history":[{"count":1,"href":"https:\/\/encuentroinformativo.com.mx\/index.php?rest_route=\/wp\/v2\/posts\/13675\/revisions"}],"predecessor-version":[{"id":13677,"href":"https:\/\/encuentroinformativo.com.mx\/index.php?rest_route=\/wp\/v2\/posts\/13675\/revisions\/13677"}],"wp:featuredmedia":[{"embeddable":true,"href":"https:\/\/encuentroinformativo.com.mx\/index.php?rest_route=\/wp\/v2\/media\/13676"}],"wp:attachment":[{"href":"https:\/\/encuentroinformativo.com.mx\/index.php?rest_route=%2Fwp%2Fv2%2Fmedia&parent=13675"}],"wp:term":[{"taxonomy":"category","embeddable":true,"href":"https:\/\/encuentroinformativo.com.mx\/index.php?rest_route=%2Fwp%2Fv2%2Fcategories&post=13675"},{"taxonomy":"post_tag","embeddable":true,"href":"https:\/\/encuentroinformativo.com.mx\/index.php?rest_route=%2Fwp%2Fv2%2Ftags&post=13675"}],"curies":[{"name":"wp","href":"https:\/\/api.w.org\/{rel}","templated":true}]}}