{"id":13678,"date":"2021-05-04T12:00:03","date_gmt":"2021-05-04T17:00:03","guid":{"rendered":"https:\/\/encuentroinformativo.com.mx\/?p=13678"},"modified":"2021-05-04T14:26:53","modified_gmt":"2021-05-04T19:26:53","slug":"familiares-de-carlos-reclaman-justicia-murio-hace-un-ano-en-san-jose","status":"publish","type":"post","link":"https:\/\/encuentroinformativo.com.mx\/?p=13678","title":{"rendered":"Familiares de Carlos reclaman justicia; muri\u00f3 hace un a\u00f1o en San Jos\u00e9"},"content":{"rendered":"\n<p><strong>Juan Arcos<\/strong> <\/p>\n\n\n\n<p>Xalapa, Ver.- Familiares y amigos de Carlos Andr\u00e9s Navarro Landa marcharon en esta ciudad, a un a\u00f1o de que fuera detenido por polic\u00edas estatales y muriera al interior del cuartel \u201cHeriberto Jara Corona\u201d, mejor conocido como San Jos\u00e9, tras una presunta golpiza por parte de los elementos de la Secretar\u00eda de Seguridad P\u00fablica (SSP).<\/p>\n\n\n\n<p>Las personas enardecidas por este caso de brutalidad policial, se concentraron sobre el cruce de las avenidas Manuel \u00c1vila Camacho y Xalapa, para posteriormente caminar hacia Palacio de Gobierno y bloquear dos de los tres carriles de la calle Juan de la Luz Enr\u00edquez.<\/p>\n\n\n\n<p>En el lugar, la viuda Alitzel Cuevas Campos se\u00f1al\u00f3 que la denuncia por la muerte de su esposo no ha procedido en la Fiscal\u00eda General del Estado (FGE) y que los polic\u00edas que lo arrestaron contin\u00faan laborando de manera normal.<\/p>\n\n\n\n<p>Record\u00f3 que el joven fue detenido el pasado 2 de mayo por alterar el orden p\u00fablico en el fraccionamiento Los C\u00e1ntaros de esta capital del estado y, luego de pasar 24 horas en los separos, fue declarado muerto a causa de un presunto infarto.<\/p>\n\n\n\n<p>Sin embargo, la joven se\u00f1al\u00f3 que su marido falleci\u00f3 por los golpes que le propinaron los polic\u00edas, toda vez que ten\u00eda la cara desfigurada y marcas en el cuello, pecho y en los brazos, por lo que, consider\u00f3, pudo haber sido torturado.<\/p>\n\n\n\n<p>\u201cObviamente no fue de un infarto, eso le dijimos a la fiscal\u00eda y a todos pero nos han dado largas, por eso es la marcha, para exigir justicia\u201d, expres\u00f3 en el primer cuadro de la capital del estado.<\/p>\n\n\n\n<p>Cabe recordar que en redes sociales circulan dos videos sobre el caso: en el primero, el joven transmite desde su celular y pide ayuda porque cree que ser\u00e1 levantado por polic\u00edas y, en el segundo, una decena de polic\u00edas lo rodea y lo somete para privarlo de su libertad.<\/p>\n\n\n\n<p>\u201cEn San Jos\u00e9 matan los polic\u00edas\u201d, \u201cvivo se lo llevaron, muerto lo entregaron\u201d y \u201cjusticia para nuestro amigo\u201d, fueron algunas de las consignas que gritaron frente a Palacio de Gobierno.<\/p>\n\n\n\n<p>Carlos Andr\u00e9s Navarro Landa, alias \u201cEl \u00c1rea\u201d, dej\u00f3 en la orfandad a cinco ni\u00f1os: uno de 15, otro de ocho, dos cuatas de dos a\u00f1os y un beb\u00e9 que ten\u00eda ocho d\u00edas de nacido.<\/p>\n\n\n\n<p>Adem\u00e1s, se dedicaba a la serigraf\u00eda, cantaba Rap sobre temas de inseguridad y ayudaba a j\u00f3venes de la calle para rehabilitarse de las drogas, al igual que \u00e9l.&nbsp;<\/p>\n\n\n\n<figure class=\"wp-block-image size-large\"><img loading=\"lazy\" decoding=\"async\" width=\"1024\" height=\"768\" src=\"https:\/\/encuentroinformativo.com.mx\/wp-content\/uploads\/2021\/05\/7CD20CFD-F76B-493B-AA8F-D93E4987E420-1024x768.jpeg\" alt=\"\" class=\"wp-image-13680\" srcset=\"https:\/\/encuentroinformativo.com.mx\/wp-content\/uploads\/2021\/05\/7CD20CFD-F76B-493B-AA8F-D93E4987E420-1024x768.jpeg 1024w, https:\/\/encuentroinformativo.com.mx\/wp-content\/uploads\/2021\/05\/7CD20CFD-F76B-493B-AA8F-D93E4987E420-300x225.jpeg 300w, https:\/\/encuentroinformativo.com.mx\/wp-content\/uploads\/2021\/05\/7CD20CFD-F76B-493B-AA8F-D93E4987E420-768x576.jpeg 768w, https:\/\/encuentroinformativo.com.mx\/wp-content\/uploads\/2021\/05\/7CD20CFD-F76B-493B-AA8F-D93E4987E420-1536x1152.jpeg 1536w, https:\/\/encuentroinformativo.com.mx\/wp-content\/uploads\/2021\/05\/7CD20CFD-F76B-493B-AA8F-D93E4987E420.jpeg 1600w\" sizes=\"auto, (max-width: 1024px) 100vw, 1024px\" \/><\/figure>\n","protected":false},"excerpt":{"rendered":"<p>Juan Arcos Xalapa, Ver.- Familiares y amigos de Carlos Andr\u00e9s Navarro Landa marcharon en esta ciudad, a un a\u00f1o de que fuera detenido por polic\u00edas estatales y muriera al interior del cuartel \u201cHeriberto Jara Corona\u201d, mejor conocido como San Jos\u00e9, tras una presunta golpiza por parte de los elementos de la Secretar\u00eda de Seguridad P\u00fablica [&hellip;]<\/p>\n","protected":false},"author":1,"featured_media":13679,"comment_status":"open","ping_status":"open","sticky":false,"template":"","format":"standard","meta":{"_jetpack_memberships_contains_paid_content":false,"footnotes":""},"categories":[3],"tags":[],"class_list":["post-13678","post","type-post","status-publish","format-standard","has-post-thumbnail","hentry","category-xalapa"],"jetpack_featured_media_url":"https:\/\/encuentroinformativo.com.mx\/wp-content\/uploads\/2021\/05\/3DA079B9-685B-4BE1-AE94-3EF3449F279D.jpeg","jetpack_sharing_enabled":true,"jetpack_likes_enabled":true,"amp_enabled":true,"_links":{"self":[{"href":"https:\/\/encuentroinformativo.com.mx\/index.php?rest_route=\/wp\/v2\/posts\/13678","targetHints":{"allow":["GET"]}}],"collection":[{"href":"https:\/\/encuentroinformativo.com.mx\/index.php?rest_route=\/wp\/v2\/posts"}],"about":[{"href":"https:\/\/encuentroinformativo.com.mx\/index.php?rest_route=\/wp\/v2\/types\/post"}],"author":[{"embeddable":true,"href":"https:\/\/encuentroinformativo.com.mx\/index.php?rest_route=\/wp\/v2\/users\/1"}],"replies":[{"embeddable":true,"href":"https:\/\/encuentroinformativo.com.mx\/index.php?rest_route=%2Fwp%2Fv2%2Fcomments&post=13678"}],"version-history":[{"count":2,"href":"https:\/\/encuentroinformativo.com.mx\/index.php?rest_route=\/wp\/v2\/posts\/13678\/revisions"}],"predecessor-version":[{"id":13682,"href":"https:\/\/encuentroinformativo.com.mx\/index.php?rest_route=\/wp\/v2\/posts\/13678\/revisions\/13682"}],"wp:featuredmedia":[{"embeddable":true,"href":"https:\/\/encuentroinformativo.com.mx\/index.php?rest_route=\/wp\/v2\/media\/13679"}],"wp:attachment":[{"href":"https:\/\/encuentroinformativo.com.mx\/index.php?rest_route=%2Fwp%2Fv2%2Fmedia&parent=13678"}],"wp:term":[{"taxonomy":"category","embeddable":true,"href":"https:\/\/encuentroinformativo.com.mx\/index.php?rest_route=%2Fwp%2Fv2%2Fcategories&post=13678"},{"taxonomy":"post_tag","embeddable":true,"href":"https:\/\/encuentroinformativo.com.mx\/index.php?rest_route=%2Fwp%2Fv2%2Ftags&post=13678"}],"curies":[{"name":"wp","href":"https:\/\/api.w.org\/{rel}","templated":true}]}}