{"id":1369,"date":"2020-03-28T12:59:09","date_gmt":"2020-03-28T18:59:09","guid":{"rendered":"https:\/\/encuentroinformativo.com\/?p=1369"},"modified":"2020-03-28T12:59:12","modified_gmt":"2020-03-28T18:59:12","slug":"ora-iglesia-para-frenar-pandemia","status":"publish","type":"post","link":"https:\/\/encuentroinformativo.com.mx\/?p=1369","title":{"rendered":"Ora Iglesia para frenar pandemia"},"content":{"rendered":"\n<p><strong>Dar\u00edo Pale <\/strong><\/p>\n\n\n\n<p>Xalapa, Ver.- El p\u00e1rroco de la Catedral de Xalapa, Roberto Reyes Anaya, durante su homil\u00eda de este s\u00e1bado, pidi\u00f3 a Jesucristo detener la pandemia del coronavirus y que pueda controlarse pronto.<\/p>\n\n\n\n<p>Durante la celebraci\u00f3n de la misa de este d\u00eda en la catedral de Xalapa, se\u00f1al\u00f3 \u00a0que en esta ocasi\u00f3n la Semana Santa se presenta de una manera distinta por las circunstancias que se viven y que ahora es cuando se ver\u00e1 qui\u00e9n realmente mantiene su fe.<\/p>\n\n\n\n<p>Durante una transmisi\u00f3n hecha a trav\u00e9s de la cuenta de redes sociales de la Arquidi\u00f3cesis de Xalapa, el presb\u00edtero hizo oraci\u00f3n para que el coronavirus no haga m\u00e1s da\u00f1o y retorne la salud a los afectados y la paz a los hogares a donde el virus ha llegado.<\/p>\n\n\n\n<p>\u201cAcoge a las personas que han fallecido por esta enfermedad, conforta a sus familias, sost\u00e9n y protege al personal sanitario que la combate, inspira y bendice a los que trabajan para controlarla. Se\u00f1or Jes\u00fas, m\u00e9dico de nuestras almas y de nuestros cuerpos, nos sentimos desvalidos en esta situaci\u00f3n de emergencia sanitaria internacional, pero confiamos en ti, danos la paz y la salud, Madre Mar\u00eda de Guadalupe, prot\u00e9genos y sigue cuid\u00e1ndonos y conduci\u00e9ndonos con tu amor a tu hijo Jes\u00fas\u201d, expres\u00f3 en oraci\u00f3n.<\/p>\n\n\n\n<p>Indic\u00f3 que los cat\u00f3licos est\u00e1n a unos d\u00edas de celebrar la semana mayor, el misterio Pascual en el que Jes\u00fas recuerda y actualiza nuevamente la salvaci\u00f3n en cada uno de los cristianos.<\/p>\n\n\n\n<p>\u201cEn esta ocasi\u00f3n, la Semana Santa se nos presenta de una manera distinta por las circunstancias que estamos viviendo. Ahora es cuando se va a ver realmente nuestra fe, no s\u00f3lo de los sacerdotes que vamos a celebrar el Misterio sino de aquellos que nos van a seguir por medio de las redes sociales.<\/p>\n\n\n\n<p>Ahora se ver\u00e1 la verdadera vocaci\u00f3n por Jes\u00fas, si disponemos del tiempo, del lugar, de la situaci\u00f3n para poder participar desde casa de la Semana Santa o si la queremos ver como un simple programa de televisi\u00f3n y mientras est\u00e1 la celebraci\u00f3n yo me puedo ocupar de otras cosas\u201d, se\u00f1al\u00f3.<\/p>\n\n\n\n<p>Roberto Reyes Anaya expres\u00f3 que Jes\u00fas implica que se le ponga atenci\u00f3n y que ser cristiano constantemente implica tambi\u00e9n acrecentar la fe \u201cm\u00e1xime en estos tiempos en los que \u00c9l est\u00e1 con nosotros porque no nos abandona y su amor y su misericordia siempre nos acompa\u00f1an\u201d.<\/p>\n\n\n\n<p><\/p>\n","protected":false},"excerpt":{"rendered":"<p>Dar\u00edo Pale Xalapa, Ver.- El p\u00e1rroco de la Catedral de Xalapa, Roberto Reyes Anaya, durante su homil\u00eda de este s\u00e1bado, pidi\u00f3 a Jesucristo detener la pandemia del coronavirus y que pueda controlarse pronto. Durante la celebraci\u00f3n de la misa de este d\u00eda en la catedral de Xalapa, se\u00f1al\u00f3 \u00a0que en esta ocasi\u00f3n la Semana Santa [&hellip;]<\/p>\n","protected":false},"author":1,"featured_media":1370,"comment_status":"open","ping_status":"open","sticky":false,"template":"","format":"standard","meta":{"_jetpack_memberships_contains_paid_content":false,"footnotes":""},"categories":[3],"tags":[],"class_list":["post-1369","post","type-post","status-publish","format-standard","has-post-thumbnail","hentry","category-xalapa"],"jetpack_featured_media_url":"https:\/\/encuentroinformativo.com.mx\/wp-content\/uploads\/2020\/03\/B7CECDD2-8663-4E4C-A402-88448EA52CB4.jpeg","jetpack_sharing_enabled":true,"jetpack_likes_enabled":true,"amp_enabled":true,"_links":{"self":[{"href":"https:\/\/encuentroinformativo.com.mx\/index.php?rest_route=\/wp\/v2\/posts\/1369","targetHints":{"allow":["GET"]}}],"collection":[{"href":"https:\/\/encuentroinformativo.com.mx\/index.php?rest_route=\/wp\/v2\/posts"}],"about":[{"href":"https:\/\/encuentroinformativo.com.mx\/index.php?rest_route=\/wp\/v2\/types\/post"}],"author":[{"embeddable":true,"href":"https:\/\/encuentroinformativo.com.mx\/index.php?rest_route=\/wp\/v2\/users\/1"}],"replies":[{"embeddable":true,"href":"https:\/\/encuentroinformativo.com.mx\/index.php?rest_route=%2Fwp%2Fv2%2Fcomments&post=1369"}],"version-history":[{"count":1,"href":"https:\/\/encuentroinformativo.com.mx\/index.php?rest_route=\/wp\/v2\/posts\/1369\/revisions"}],"predecessor-version":[{"id":1371,"href":"https:\/\/encuentroinformativo.com.mx\/index.php?rest_route=\/wp\/v2\/posts\/1369\/revisions\/1371"}],"wp:featuredmedia":[{"embeddable":true,"href":"https:\/\/encuentroinformativo.com.mx\/index.php?rest_route=\/wp\/v2\/media\/1370"}],"wp:attachment":[{"href":"https:\/\/encuentroinformativo.com.mx\/index.php?rest_route=%2Fwp%2Fv2%2Fmedia&parent=1369"}],"wp:term":[{"taxonomy":"category","embeddable":true,"href":"https:\/\/encuentroinformativo.com.mx\/index.php?rest_route=%2Fwp%2Fv2%2Fcategories&post=1369"},{"taxonomy":"post_tag","embeddable":true,"href":"https:\/\/encuentroinformativo.com.mx\/index.php?rest_route=%2Fwp%2Fv2%2Ftags&post=1369"}],"curies":[{"name":"wp","href":"https:\/\/api.w.org\/{rel}","templated":true}]}}