{"id":13693,"date":"2021-05-04T12:12:15","date_gmt":"2021-05-04T17:12:15","guid":{"rendered":"https:\/\/encuentroinformativo.com.mx\/?p=13693"},"modified":"2021-05-04T18:25:17","modified_gmt":"2021-05-04T23:25:17","slug":"xalapa-carece-de-liderazgo-uriel-flores","status":"publish","type":"post","link":"https:\/\/encuentroinformativo.com.mx\/?p=13693","title":{"rendered":"Xalapa carece de liderazgo: Uriel Flores"},"content":{"rendered":"\n<p><strong>Dar\u00edo Pale<\/strong><\/p>\n\n\n\n<p>Xalapa, Ver.- Xalapa ha ca\u00eddo en un problema de liderazgo, porque no se tiene una autoridad municipal activa, comprometida y en contacto con la poblaci\u00f3n, as\u00ed lo se\u00f1al\u00f3 el\u00a0candidato a la alcald\u00eda de la capitales del estado por el partido Podemos, Uriel Flores Aguayo.<\/p>\n\n\n\n<p>En conferencia de prensa realizada en conocido caf\u00e9 del centro de Xalapa se\u00f1al\u00f3 que, \u201ctenemos varias propuestas, yo parto del problema de la autonom\u00eda, tenemos un serio problema de autonom\u00eda, la autoridad pasa a segundo plano, hasta para ir a chapear o para cerrar el centro, no toman en cuenta a la autoridad municipal\u201d.<\/p>\n\n\n\n<p>Dio a conocer que se requiere un gobierno fuerte, con autonom\u00eda y despu\u00e9s con transparencia, pol\u00edtica social, sustentabilidad, identidad hist\u00f3rica y cultural, plan Anticovid.<\/p>\n\n\n\n<p>\u201cVamos a tener un mes de campa\u00f1a e ir explicando poco a poco de qu\u00e9 se trata y confiamos en ir subiendo poco a poco, no somos nuevos, no somos improvisados ni llegamos a ver qu\u00e9 se puede pescar. Queremos que sea una Xalapa de primera porque ahorita tenemos un gobierno de segunda no por la persona sino por el sistema\u201d, se\u00f1al\u00f3.<\/p>\n\n\n\n<p>Dio a conocer que Xalapa requiere de un liderazgo, ya que no hay una autoridad municipal activa, comprometida y en contacto con la poblaci\u00f3n, adem\u00e1s de que hay un serio problema de autonom\u00eda ya que la autoridad pasa a segundo plano, ya que las gr\u00faas hacen una &#8220;tracala&#8221; que afecta seriamente a la poblaci\u00f3n.<\/p>\n\n\n\n<p>Finalmente dio a conocer que, si no se le invierte al bosque no se asegura poder tener agua para el futuro, adem\u00e1s invertir pero no como el 2 por ciento que se increment\u00f3 en el recibo sin preguntarle a nadie y de manera ilegal, adem\u00e1s se tienen que rescatar los nacimientos de agua que existen en la capital del estado.<\/p>\n","protected":false},"excerpt":{"rendered":"<p>Dar\u00edo Pale Xalapa, Ver.- Xalapa ha ca\u00eddo en un problema de liderazgo, porque no se tiene una autoridad municipal activa, comprometida y en contacto con la poblaci\u00f3n, as\u00ed lo se\u00f1al\u00f3 el\u00a0candidato a la alcald\u00eda de la capitales del estado por el partido Podemos, Uriel Flores Aguayo. En conferencia de prensa realizada en conocido caf\u00e9 del [&hellip;]<\/p>\n","protected":false},"author":1,"featured_media":13694,"comment_status":"open","ping_status":"open","sticky":false,"template":"","format":"standard","meta":{"_jetpack_memberships_contains_paid_content":false,"footnotes":""},"categories":[3],"tags":[],"class_list":["post-13693","post","type-post","status-publish","format-standard","has-post-thumbnail","hentry","category-xalapa"],"jetpack_featured_media_url":"https:\/\/encuentroinformativo.com.mx\/wp-content\/uploads\/2021\/05\/6E0A6DB2-0231-4C49-9190-B008CF746476.jpeg","jetpack_sharing_enabled":true,"jetpack_likes_enabled":true,"amp_enabled":true,"_links":{"self":[{"href":"https:\/\/encuentroinformativo.com.mx\/index.php?rest_route=\/wp\/v2\/posts\/13693","targetHints":{"allow":["GET"]}}],"collection":[{"href":"https:\/\/encuentroinformativo.com.mx\/index.php?rest_route=\/wp\/v2\/posts"}],"about":[{"href":"https:\/\/encuentroinformativo.com.mx\/index.php?rest_route=\/wp\/v2\/types\/post"}],"author":[{"embeddable":true,"href":"https:\/\/encuentroinformativo.com.mx\/index.php?rest_route=\/wp\/v2\/users\/1"}],"replies":[{"embeddable":true,"href":"https:\/\/encuentroinformativo.com.mx\/index.php?rest_route=%2Fwp%2Fv2%2Fcomments&post=13693"}],"version-history":[{"count":1,"href":"https:\/\/encuentroinformativo.com.mx\/index.php?rest_route=\/wp\/v2\/posts\/13693\/revisions"}],"predecessor-version":[{"id":13695,"href":"https:\/\/encuentroinformativo.com.mx\/index.php?rest_route=\/wp\/v2\/posts\/13693\/revisions\/13695"}],"wp:featuredmedia":[{"embeddable":true,"href":"https:\/\/encuentroinformativo.com.mx\/index.php?rest_route=\/wp\/v2\/media\/13694"}],"wp:attachment":[{"href":"https:\/\/encuentroinformativo.com.mx\/index.php?rest_route=%2Fwp%2Fv2%2Fmedia&parent=13693"}],"wp:term":[{"taxonomy":"category","embeddable":true,"href":"https:\/\/encuentroinformativo.com.mx\/index.php?rest_route=%2Fwp%2Fv2%2Fcategories&post=13693"},{"taxonomy":"post_tag","embeddable":true,"href":"https:\/\/encuentroinformativo.com.mx\/index.php?rest_route=%2Fwp%2Fv2%2Ftags&post=13693"}],"curies":[{"name":"wp","href":"https:\/\/api.w.org\/{rel}","templated":true}]}}