{"id":13720,"date":"2021-05-05T13:31:31","date_gmt":"2021-05-05T18:31:31","guid":{"rendered":"https:\/\/encuentroinformativo.com.mx\/?p=13720"},"modified":"2021-05-05T13:31:35","modified_gmt":"2021-05-05T18:31:35","slug":"ofrece-candidato-hospital-para-medellin-de-bravo","status":"publish","type":"post","link":"https:\/\/encuentroinformativo.com.mx\/?p=13720","title":{"rendered":"Ofrece candidato Hospital para Medell\u00edn de Bravo"},"content":{"rendered":"\n<p><strong>Alejandro \u00c1vila<\/strong><\/p>\n\n\n\n<p>Boca del R\u00edo, Ver.- El candidato a la alcald\u00eda de Medell\u00edn de Bravo por la alianza &#8220;Veracruz Va&#8221;, Gabriel C\u00e1rdenas Guizar, asegur\u00f3 que la obra m\u00e1s importante que har\u00e1 en caso de lograr la alcald\u00eda, ser\u00e1 el construir el primer hospital en el municipio.<\/p>\n\n\n\n<p>Apunt\u00f3 que el crecimiento poblacional de Medell\u00edn de Bravo ha sido tal que ya cuenta con m\u00e1s de 90 mil habitantes, y cuando alguno requiere atenci\u00f3n de primer nivel, debe trasladarse m\u00e1s de una hora a los municipios de Veracruz o Boca del R\u00edo, situaci\u00f3n que dijo no es adecuada para los ciudadanos que comprometen su salud al viajar tan lejos.<\/p>\n\n\n\n<p>C\u00e1rdenas Guizar, mencion\u00f3 que en total, el costo es cerca de 120 millones de pesos y aclar\u00f3 que el proyecto ya se tiene listo, y estar\u00eda ubicado en el fraccionamiento Puente Moreno, aunque reconoci\u00f3 que el monto econ\u00f3mico que se destine tiene que ser absorbido por los tres ordenes de gobierno.<\/p>\n\n\n\n<p>&#8220;Indudablemente tiene que ser una mezcla de recursos, pero si algo hemos sabido hacer nosotros, es hacer que las cosas sucedan. Cuando hablabamos de pavimentar la carretera a Puente (Moreno) nos dec\u00edan que no se pod\u00eda, no hab\u00eda ah\u00ed una carretera pavimentada con concreto hidr\u00e1ulico, con alumbrado LED, y nosotros hemos demostrado que cuando se quiere se puede, lo vamos a hacer, el tema del hospital no es una excepci\u00f3n, es una exigencia que nos ha hecho la gente de Medell\u00edn, y lo veremos construido durante la siguiente administraci\u00f3n&#8221;, subray\u00f3.<\/p>\n\n\n\n<p>Este hospital de segundo nivel contar\u00eda con pediatr\u00eda, ginecolog\u00eda, medicina general y cirug\u00eda general, en primera instancia.<\/p>\n","protected":false},"excerpt":{"rendered":"<p>Alejandro \u00c1vila Boca del R\u00edo, Ver.- El candidato a la alcald\u00eda de Medell\u00edn de Bravo por la alianza &#8220;Veracruz Va&#8221;, Gabriel C\u00e1rdenas Guizar, asegur\u00f3 que la obra m\u00e1s importante que har\u00e1 en caso de lograr la alcald\u00eda, ser\u00e1 el construir el primer hospital en el municipio. Apunt\u00f3 que el crecimiento poblacional de Medell\u00edn de Bravo [&hellip;]<\/p>\n","protected":false},"author":2476,"featured_media":13722,"comment_status":"open","ping_status":"open","sticky":false,"template":"","format":"standard","meta":{"_jetpack_memberships_contains_paid_content":false,"footnotes":""},"categories":[2],"tags":[],"class_list":["post-13720","post","type-post","status-publish","format-standard","has-post-thumbnail","hentry","category-estado"],"jetpack_featured_media_url":"https:\/\/encuentroinformativo.com.mx\/wp-content\/uploads\/2021\/05\/7E2B5D7B-7358-42A8-A4BD-0E248A4C30CF.jpeg","jetpack_sharing_enabled":true,"jetpack_likes_enabled":true,"amp_enabled":true,"_links":{"self":[{"href":"https:\/\/encuentroinformativo.com.mx\/index.php?rest_route=\/wp\/v2\/posts\/13720","targetHints":{"allow":["GET"]}}],"collection":[{"href":"https:\/\/encuentroinformativo.com.mx\/index.php?rest_route=\/wp\/v2\/posts"}],"about":[{"href":"https:\/\/encuentroinformativo.com.mx\/index.php?rest_route=\/wp\/v2\/types\/post"}],"author":[{"embeddable":true,"href":"https:\/\/encuentroinformativo.com.mx\/index.php?rest_route=\/wp\/v2\/users\/2476"}],"replies":[{"embeddable":true,"href":"https:\/\/encuentroinformativo.com.mx\/index.php?rest_route=%2Fwp%2Fv2%2Fcomments&post=13720"}],"version-history":[{"count":1,"href":"https:\/\/encuentroinformativo.com.mx\/index.php?rest_route=\/wp\/v2\/posts\/13720\/revisions"}],"predecessor-version":[{"id":13723,"href":"https:\/\/encuentroinformativo.com.mx\/index.php?rest_route=\/wp\/v2\/posts\/13720\/revisions\/13723"}],"wp:featuredmedia":[{"embeddable":true,"href":"https:\/\/encuentroinformativo.com.mx\/index.php?rest_route=\/wp\/v2\/media\/13722"}],"wp:attachment":[{"href":"https:\/\/encuentroinformativo.com.mx\/index.php?rest_route=%2Fwp%2Fv2%2Fmedia&parent=13720"}],"wp:term":[{"taxonomy":"category","embeddable":true,"href":"https:\/\/encuentroinformativo.com.mx\/index.php?rest_route=%2Fwp%2Fv2%2Fcategories&post=13720"},{"taxonomy":"post_tag","embeddable":true,"href":"https:\/\/encuentroinformativo.com.mx\/index.php?rest_route=%2Fwp%2Fv2%2Ftags&post=13720"}],"curies":[{"name":"wp","href":"https:\/\/api.w.org\/{rel}","templated":true}]}}