{"id":13727,"date":"2021-05-05T13:53:17","date_gmt":"2021-05-05T18:53:17","guid":{"rendered":"https:\/\/encuentroinformativo.com.mx\/?p=13727"},"modified":"2021-05-05T13:53:21","modified_gmt":"2021-05-05T18:53:21","slug":"defiende-pvem-a-candidato-acusado-de-violencia","status":"publish","type":"post","link":"https:\/\/encuentroinformativo.com.mx\/?p=13727","title":{"rendered":"Defiende PVEM a candidato acusado de violencia"},"content":{"rendered":"\n<p><strong>Alejandro \u00c1vila<\/strong><\/p>\n\n\n\n<p>Boca del R\u00edo, Ver.- Las acusaciones de violencia de g\u00e9nero que se han ventilado en contra del candidato de la coalici\u00f3n &#8220;Juntos Haremos Historia&#8221; en Medell\u00edn de Bravo, Marcos Isle\u00f1o Andrade, son producto de sus detractores, pues no existe una sola denuncia penal en su contra, aclar\u00f3 Carlos Marcelo Ruiz S\u00e1nchez, presidente estatal del Partido Verde Ecologista de M\u00e9xico (PVEM) en Veracruz.<\/p>\n\n\n\n<p>El l\u00edder verde &#8211; ecologista, aclar\u00f3 que esto es una muestra de que van liderando en las encuestas municipales e Isle\u00f1o Andrade va a repetir en la alcald\u00eda, y prueba de ello es el mit\u00edn de apertura, donde abarrotaron el parque central de la localidad de El Tejar.<\/p>\n\n\n\n<p>Expuso que es lamentable que se busque deslegitimar a Marcos Isle\u00f1o, basandose en el movimiento en defensa a los derechos de las mujeres; pues record\u00f3 que en 2017, tras un ataque a la vivienda de la ex legisladora Octavia Ortega Arteaga, fue el mismo PVEM quien logr\u00f3 ante el OPLE se castigie a quien incurra en violencia de g\u00e9nero.<\/p>\n\n\n\n<p>&nbsp;&#8220;Gracias a esa denuncia que presentamos con Tava Ortega, nuestra candidata a diputada federal plurinominal de la zona norte, es que hoy, quienes est\u00e9n en la lista de agresores por violencia pol\u00edtica de g\u00e9nero, no pueden ser candidatos a ning\u00fan cargo de elecci\u00f3n popular, eso fue promovido por el Partido Verde, cuando tuvieron esta agresi\u00f3n en su contra y fuimos a dar la cara, y a presentar las pruebas para que el OPLE hiciera lo propio&#8221;, coment\u00f3.<\/p>\n\n\n\n<p>En ese sentido, Ruiz S\u00e1nchez dijo resulta lamentable que se busque que dicho movimiento en pro de mujeres, el cual respaldan, ahora sea utilizado para atacar&nbsp; a uno de sus candidatos.<\/p>\n\n\n\n<p>&#8220;Ahora quieren deslegitimar la lucha de un joven que quiere servirle a Veracruz desde Medell\u00edn, que no tiene una sola denuncia en los \u00f3rganos electorales, ni en los \u00f3rganos jurisdiccionales que tienen que ver con el tema de la violencia pol\u00edtica de g\u00e9nero, ni una sola tiene (\u2026) si hub\u00edera alguna cosa en su contra, con pruebas y elementos, el Partido Verde ser\u00e1 el primero en decir y hacer, lo que conforme a derecho corresponda&#8221;, asest\u00f3.<\/p>\n","protected":false},"excerpt":{"rendered":"<p>Alejandro \u00c1vila Boca del R\u00edo, Ver.- Las acusaciones de violencia de g\u00e9nero que se han ventilado en contra del candidato de la coalici\u00f3n &#8220;Juntos Haremos Historia&#8221; en Medell\u00edn de Bravo, Marcos Isle\u00f1o Andrade, son producto de sus detractores, pues no existe una sola denuncia penal en su contra, aclar\u00f3 Carlos Marcelo Ruiz S\u00e1nchez, presidente estatal [&hellip;]<\/p>\n","protected":false},"author":2476,"featured_media":13728,"comment_status":"open","ping_status":"open","sticky":false,"template":"","format":"standard","meta":{"_jetpack_memberships_contains_paid_content":false,"footnotes":""},"categories":[2],"tags":[],"class_list":["post-13727","post","type-post","status-publish","format-standard","has-post-thumbnail","hentry","category-estado"],"jetpack_featured_media_url":"https:\/\/encuentroinformativo.com.mx\/wp-content\/uploads\/2021\/05\/7D943C8D-3A8B-4F00-896A-A4E518BAE4CE.jpeg","jetpack_sharing_enabled":true,"jetpack_likes_enabled":true,"amp_enabled":true,"_links":{"self":[{"href":"https:\/\/encuentroinformativo.com.mx\/index.php?rest_route=\/wp\/v2\/posts\/13727","targetHints":{"allow":["GET"]}}],"collection":[{"href":"https:\/\/encuentroinformativo.com.mx\/index.php?rest_route=\/wp\/v2\/posts"}],"about":[{"href":"https:\/\/encuentroinformativo.com.mx\/index.php?rest_route=\/wp\/v2\/types\/post"}],"author":[{"embeddable":true,"href":"https:\/\/encuentroinformativo.com.mx\/index.php?rest_route=\/wp\/v2\/users\/2476"}],"replies":[{"embeddable":true,"href":"https:\/\/encuentroinformativo.com.mx\/index.php?rest_route=%2Fwp%2Fv2%2Fcomments&post=13727"}],"version-history":[{"count":1,"href":"https:\/\/encuentroinformativo.com.mx\/index.php?rest_route=\/wp\/v2\/posts\/13727\/revisions"}],"predecessor-version":[{"id":13729,"href":"https:\/\/encuentroinformativo.com.mx\/index.php?rest_route=\/wp\/v2\/posts\/13727\/revisions\/13729"}],"wp:featuredmedia":[{"embeddable":true,"href":"https:\/\/encuentroinformativo.com.mx\/index.php?rest_route=\/wp\/v2\/media\/13728"}],"wp:attachment":[{"href":"https:\/\/encuentroinformativo.com.mx\/index.php?rest_route=%2Fwp%2Fv2%2Fmedia&parent=13727"}],"wp:term":[{"taxonomy":"category","embeddable":true,"href":"https:\/\/encuentroinformativo.com.mx\/index.php?rest_route=%2Fwp%2Fv2%2Fcategories&post=13727"},{"taxonomy":"post_tag","embeddable":true,"href":"https:\/\/encuentroinformativo.com.mx\/index.php?rest_route=%2Fwp%2Fv2%2Ftags&post=13727"}],"curies":[{"name":"wp","href":"https:\/\/api.w.org\/{rel}","templated":true}]}}