{"id":13748,"date":"2021-05-05T17:08:10","date_gmt":"2021-05-05T22:08:10","guid":{"rendered":"https:\/\/encuentroinformativo.com.mx\/?p=13748"},"modified":"2021-05-05T17:08:13","modified_gmt":"2021-05-05T22:08:13","slug":"presenta-ine-voto-x-corto-concurso-de-documental","status":"publish","type":"post","link":"https:\/\/encuentroinformativo.com.mx\/?p=13748","title":{"rendered":"Presenta INE \u201cVoto x corto\u201d, concurso de documental"},"content":{"rendered":"\n<p>Ciudad de M\u00e9xico.- El Instituto Nacional Electoral (INE) particip\u00f3 en el lanzamiento de\u00a0\u201cVoto x corto. Historias\u00a0de la democracia y sus valores\u201d, concurso de documental en l\u00ednea, el cual, a trav\u00e9s de\u00a010\u00a0cortometrajes de diferentes estados del pa\u00eds busca impulsar los valores del voto y la democracia.<\/p>\n\n\n\n<p>Frente a la alta polarizaci\u00f3n pol\u00edtica y social que prevalece en M\u00e9xico,&nbsp;en el marco del actual proceso electoral, es importante la construcci\u00f3n de espacios ciudadanos que propicien el sentido y la reflexi\u00f3n sobre los derechos pol\u00edticos, los procesos electorales, la participaci\u00f3n ciudadana y la democracia en un sentido amplio, afirm\u00f3 el&nbsp;Consejero del&nbsp;INE, Mart\u00edn Faz. &nbsp;<\/p>\n\n\n\n<p>En la presentaci\u00f3n del proyecto organizado en colaboraci\u00f3n con DocsMX y&nbsp;la National Endowment for Democracy, el&nbsp;Consejero sostuvo&nbsp;que la \u00fanica&nbsp;forma de construir redes que tengan un efectivo impacto en el fortalecimiento de la cultura democr\u00e1tica es mediante la intervenci\u00f3n activa y colaborativa&nbsp;en favor de&nbsp;la generaci\u00f3n de acciones que fomenten la cultura c\u00edvica.<\/p>\n\n\n\n<p>\u201cLo que el INE busca con este proyecto colaborativo es el desarrollo de una campa\u00f1a intensa con el tema Voto x Corto, como un programa de creaci\u00f3n de cine documental que brindar\u00e1 herramientas con contenidos relativos al ejercicio de los derechos humanos, la cultura c\u00edvica, la participaci\u00f3n ciudadana y la promoci\u00f3n de valores democr\u00e1ticos&nbsp;con base entecnolog\u00edas&nbsp;de la informaci\u00f3n y la comunicaci\u00f3n, en este caso, por supuesto, a trav\u00e9s del cine\u201d,&nbsp;afirm\u00f3.<\/p>\n\n\n\n<p>Este esfuerzo&nbsp;por abrir espacios de expresi\u00f3n sobre el voto y la democracia,&nbsp;dijo,&nbsp;es un elemento clave de la implementaci\u00f3n de la Estrategia&nbsp;Nacional de&nbsp;Cultura&nbsp;C\u00edvica del INE que favorece la difusi\u00f3n, promoci\u00f3n, conocimiento y ejercicio responsable de los derechos humanos mediante la generaci\u00f3n de contenidos informativos.&nbsp;<\/p>\n\n\n\n<p>En esta iniciativa,&nbsp;un grupo de&nbsp;j\u00f3venes&nbsp;cineastas fue invitado a compartir historias sobre la democracia y sus valores&nbsp;para&nbsp;impulsar un ejercicio ciudadano de&nbsp;reflexi\u00f3n&nbsp;sobre&nbsp;estos temas&nbsp;en&nbsp;M\u00e9xico&nbsp;por medio de 10 cortometrajes,&nbsp;cuya&nbsp;duraci\u00f3n&nbsp;es de 10 minutos cada&nbsp;uno&nbsp;y&nbsp;sus&nbsp;ideas centrales&nbsp;van en l\u00ednea con la&nbsp;Estrategia Nacional de Cultura C\u00edvica&nbsp;del INE,&nbsp;que busca impulsar un cambio en la cultura pol\u00edtica de la ciudadan\u00eda.<\/p>\n\n\n\n<p>Por ello, agreg\u00f3, la tem\u00e1tica que prevaleci\u00f3 en los cortos fue&nbsp;el ejercicio de los derechos pol\u00edtico-electorales de las mujeres en condiciones de equidad, libre de discriminaci\u00f3n y de violencia;&nbsp;la participaci\u00f3n pol\u00edtica de los distintos grupos originarios de nuestro pa\u00eds, las comunidades ind\u00edgenas y afrodescendientes,as\u00ed como su derecho al ejercicio de los derechos pol\u00edtico-electorales en contextos de equidad y no discriminaci\u00f3n.<\/p>\n\n\n\n<p><strong><em>La democracia permite las diversas expresiones de la sociedad<\/em><\/strong><\/p>\n\n\n\n<p>El acad\u00e9mico de la Universidad Nacional Aut\u00f3noma de M\u00e9xico, Jos\u00e9 Woldenberg, asever\u00f3&nbsp;que la&nbsp;\u00fanica&nbsp;formade gobierno capaz de cobijar las diferencias que existen en una sociedad diversa como la mexicana y ofrecer un cauce a su expresi\u00f3n y recreaci\u00f3n,&nbsp;es la democracia.<\/p>\n\n\n\n<p>Ejercicios como el Voto&nbsp;x&nbsp;Corto,&nbsp;a\u00f1adi\u00f3, resultan m\u00e1s necesarios que nunca, porque \u201cestamos viendo que desde el gobierno y desde la sociedad, esa verdad elemental no se entiende y todav\u00eda hay quien quisiera alinear a un pa\u00eds como el nuestro bajo un solo discurso, una sola ideolog\u00eda, una sola organizaci\u00f3n y que cree&nbsp;que una sola voz puede expresar a ese M\u00e9xico diverso y contradictorio que todos conocemos\u201d.<\/p>\n\n\n\n<p>La&nbsp;cineasta Marcela Arteaga&nbsp;hizo un reconocimiento a quienes desarrollaron los cortometrajes, pues&nbsp;consider\u00f3&nbsp;que plasmar en un video los retos del voto y la democracia no es tarea sencilla.<\/p>\n\n\n\n<p>\u201cParece f\u00e1cil,&nbsp;pero no lo es,&nbsp;primero hay que conceptualizar c\u00f3mo ver la democracia sin que sea solamente el proceso de ir a votar,&nbsp;sino todo lo que sucede en torno al proceso democr\u00e1tico y plasmarlo en un corto\u201d, indic\u00f3.<\/p>\n\n\n\n<p>Cabe mencionar que a&nbsp;trav\u00e9s de la plataforma&nbsp;<a href=\"https:\/\/docsmx.org\/\">https:\/\/docsmx.org\/<\/a>&nbsp;los interesados&nbsp;podr\u00e1n ingresar para ver los&nbsp;10&nbsp;cortos&nbsp;que participan en este proyecto&nbsp;y&nbsp;emitir su voto sobre sus preferidos hasta el 31 de mayo, al final&nbsp;ganar\u00e1 el&nbsp;video&nbsp;que m\u00e1s reproducciones&nbsp;y mejor valoraci\u00f3n de los visitantes tenga.<\/p>\n","protected":false},"excerpt":{"rendered":"<p>Ciudad de M\u00e9xico.- El Instituto Nacional Electoral (INE) particip\u00f3 en el lanzamiento de\u00a0\u201cVoto x corto. Historias\u00a0de la democracia y sus valores\u201d, concurso de documental en l\u00ednea, el cual, a trav\u00e9s de\u00a010\u00a0cortometrajes de diferentes estados del pa\u00eds busca impulsar los valores del voto y la democracia. Frente a la alta polarizaci\u00f3n pol\u00edtica y social que prevalece [&hellip;]<\/p>\n","protected":false},"author":1,"featured_media":13749,"comment_status":"open","ping_status":"open","sticky":false,"template":"","format":"standard","meta":{"_jetpack_memberships_contains_paid_content":false,"footnotes":""},"categories":[12],"tags":[],"class_list":["post-13748","post","type-post","status-publish","format-standard","has-post-thumbnail","hentry","category-nacional"],"jetpack_featured_media_url":"https:\/\/encuentroinformativo.com.mx\/wp-content\/uploads\/2021\/05\/BF57187A-EC97-4B98-919A-B2AE1D192611.jpeg","jetpack_sharing_enabled":true,"jetpack_likes_enabled":true,"amp_enabled":true,"_links":{"self":[{"href":"https:\/\/encuentroinformativo.com.mx\/index.php?rest_route=\/wp\/v2\/posts\/13748","targetHints":{"allow":["GET"]}}],"collection":[{"href":"https:\/\/encuentroinformativo.com.mx\/index.php?rest_route=\/wp\/v2\/posts"}],"about":[{"href":"https:\/\/encuentroinformativo.com.mx\/index.php?rest_route=\/wp\/v2\/types\/post"}],"author":[{"embeddable":true,"href":"https:\/\/encuentroinformativo.com.mx\/index.php?rest_route=\/wp\/v2\/users\/1"}],"replies":[{"embeddable":true,"href":"https:\/\/encuentroinformativo.com.mx\/index.php?rest_route=%2Fwp%2Fv2%2Fcomments&post=13748"}],"version-history":[{"count":1,"href":"https:\/\/encuentroinformativo.com.mx\/index.php?rest_route=\/wp\/v2\/posts\/13748\/revisions"}],"predecessor-version":[{"id":13750,"href":"https:\/\/encuentroinformativo.com.mx\/index.php?rest_route=\/wp\/v2\/posts\/13748\/revisions\/13750"}],"wp:featuredmedia":[{"embeddable":true,"href":"https:\/\/encuentroinformativo.com.mx\/index.php?rest_route=\/wp\/v2\/media\/13749"}],"wp:attachment":[{"href":"https:\/\/encuentroinformativo.com.mx\/index.php?rest_route=%2Fwp%2Fv2%2Fmedia&parent=13748"}],"wp:term":[{"taxonomy":"category","embeddable":true,"href":"https:\/\/encuentroinformativo.com.mx\/index.php?rest_route=%2Fwp%2Fv2%2Fcategories&post=13748"},{"taxonomy":"post_tag","embeddable":true,"href":"https:\/\/encuentroinformativo.com.mx\/index.php?rest_route=%2Fwp%2Fv2%2Ftags&post=13748"}],"curies":[{"name":"wp","href":"https:\/\/api.w.org\/{rel}","templated":true}]}}