{"id":13760,"date":"2021-05-05T19:34:49","date_gmt":"2021-05-06T00:34:49","guid":{"rendered":"https:\/\/encuentroinformativo.com.mx\/?p=13760"},"modified":"2021-05-05T19:34:53","modified_gmt":"2021-05-06T00:34:53","slug":"abanderado-de-mc-presenta-planilla-para-medellin","status":"publish","type":"post","link":"https:\/\/encuentroinformativo.com.mx\/?p=13760","title":{"rendered":"Abanderado de MC presenta planilla para Medell\u00edn"},"content":{"rendered":"\n<p><strong>Alejandro \u00c1vila<\/strong><\/p>\n\n\n\n<p>Medell\u00edn de Bravo, Ver.- Una planilla representada por docentes, ganaderos y comerciantes, present\u00f3 Guillermo Herrada Jim\u00e9nez, este miercoles; el candidato a la alcald\u00eda de Medell\u00edn de Bravo por Movimiento Ciudadano recalc\u00f3, &#8220;es gente del municipio y no amigos de Boca del R\u00edo o Alvarado.<\/p>\n\n\n\n<p>Tras el arranque de campa\u00f1a este lunes, Herrada Jim\u00e9nez apunt\u00f3 que su cuerpo edilicio representa a varias localidades del municipio, pues son quienes realmente conocen las necesidades de la gente, exponiendo que en \u00faltimos a\u00f1os, se le dio prioridad a la zona de Playa de Vacas y Puente Moreno, olvidando las comunidades.<\/p>\n\n\n\n<p>\u201cNuestra gente est\u00e1 cansada de no ser tomada en cuenta, administraciones vienen y van y los puestos son ocupados por sus amigos de Boca del R\u00edo y Alvarado, los ciudadanos no se han visto beneficiados con ninguna administraci\u00f3n pol\u00edtica, es momento de los ciudadanos, que l\u00f3grenos un verdadero cambio con un gobierno cuidando\u201d, puntualiz\u00f3.<\/p>\n\n\n\n<p>En ese sentido, manifest\u00f3 que el compromiso con la gente de Medell\u00edn de Bravo, es grande, pues reconoce que son personas valiosas y trabajadoras, dispuesta a demostrar que el cambio es posible con la fuerza y unidad de los habitantes del municipio.&nbsp;<\/p>\n\n\n\n<p>Finalmente, expuso que detonar la econom\u00eda en el municipio, dar\u00e1 pauta para dotar de mejores servicios a la poblaci\u00f3n.<\/p>\n","protected":false},"excerpt":{"rendered":"<p>Alejandro \u00c1vila Medell\u00edn de Bravo, Ver.- Una planilla representada por docentes, ganaderos y comerciantes, present\u00f3 Guillermo Herrada Jim\u00e9nez, este miercoles; el candidato a la alcald\u00eda de Medell\u00edn de Bravo por Movimiento Ciudadano recalc\u00f3, &#8220;es gente del municipio y no amigos de Boca del R\u00edo o Alvarado. Tras el arranque de campa\u00f1a este lunes, Herrada Jim\u00e9nez [&hellip;]<\/p>\n","protected":false},"author":1,"featured_media":13761,"comment_status":"open","ping_status":"open","sticky":false,"template":"","format":"standard","meta":{"_jetpack_memberships_contains_paid_content":false,"footnotes":""},"categories":[2],"tags":[],"class_list":["post-13760","post","type-post","status-publish","format-standard","has-post-thumbnail","hentry","category-estado"],"jetpack_featured_media_url":"https:\/\/encuentroinformativo.com.mx\/wp-content\/uploads\/2021\/05\/F1DC56F5-DEAA-428F-9322-1274FB55EF22.jpeg","jetpack_sharing_enabled":true,"jetpack_likes_enabled":true,"amp_enabled":true,"_links":{"self":[{"href":"https:\/\/encuentroinformativo.com.mx\/index.php?rest_route=\/wp\/v2\/posts\/13760","targetHints":{"allow":["GET"]}}],"collection":[{"href":"https:\/\/encuentroinformativo.com.mx\/index.php?rest_route=\/wp\/v2\/posts"}],"about":[{"href":"https:\/\/encuentroinformativo.com.mx\/index.php?rest_route=\/wp\/v2\/types\/post"}],"author":[{"embeddable":true,"href":"https:\/\/encuentroinformativo.com.mx\/index.php?rest_route=\/wp\/v2\/users\/1"}],"replies":[{"embeddable":true,"href":"https:\/\/encuentroinformativo.com.mx\/index.php?rest_route=%2Fwp%2Fv2%2Fcomments&post=13760"}],"version-history":[{"count":1,"href":"https:\/\/encuentroinformativo.com.mx\/index.php?rest_route=\/wp\/v2\/posts\/13760\/revisions"}],"predecessor-version":[{"id":13762,"href":"https:\/\/encuentroinformativo.com.mx\/index.php?rest_route=\/wp\/v2\/posts\/13760\/revisions\/13762"}],"wp:featuredmedia":[{"embeddable":true,"href":"https:\/\/encuentroinformativo.com.mx\/index.php?rest_route=\/wp\/v2\/media\/13761"}],"wp:attachment":[{"href":"https:\/\/encuentroinformativo.com.mx\/index.php?rest_route=%2Fwp%2Fv2%2Fmedia&parent=13760"}],"wp:term":[{"taxonomy":"category","embeddable":true,"href":"https:\/\/encuentroinformativo.com.mx\/index.php?rest_route=%2Fwp%2Fv2%2Fcategories&post=13760"},{"taxonomy":"post_tag","embeddable":true,"href":"https:\/\/encuentroinformativo.com.mx\/index.php?rest_route=%2Fwp%2Fv2%2Ftags&post=13760"}],"curies":[{"name":"wp","href":"https:\/\/api.w.org\/{rel}","templated":true}]}}