{"id":13784,"date":"2021-05-06T12:20:46","date_gmt":"2021-05-06T17:20:46","guid":{"rendered":"https:\/\/encuentroinformativo.com.mx\/?p=13784"},"modified":"2021-05-06T12:20:49","modified_gmt":"2021-05-06T17:20:49","slug":"trabajadores-deben-definir-retorno-a-clases-raul-arias","status":"publish","type":"post","link":"https:\/\/encuentroinformativo.com.mx\/?p=13784","title":{"rendered":"Trabajadores deben definir retorno a clases: Ra\u00fal Arias"},"content":{"rendered":"\n<p><strong>Dar\u00edo Pale<\/strong><\/p>\n\n\n\n<p>Xalapa, Ver.- Ante\u00a0el inminente regreso a clases presenciales de todos los integrantes de la comunidad universitaria, ellos deber\u00edan tomar esa decisi\u00f3n de reincorporarse o no, as\u00ed lo se\u00f1al\u00f3 el\u00a0exrector de la Universidad Veracruzana y actual candidato a la alcald\u00eda de Xalapa, por Movimiento Ciudadano, Ra\u00fal Arias Lovillo.<\/p>\n\n\n\n<p>En conferencia de prensa realizada en conocido caf\u00e9 del centro de Xalapa se\u00f1al\u00f3 que,\u00a0\u201ca m\u00ed me parece que con la salud de las personas no se juega, estoy convencido que trabajadores, t\u00e9cnicos, manuales, administrativos, acad\u00e9micos y estudiantes, tendr\u00edan, necesariamente que participar expresando -justamente que ellos saben en qu\u00e9 condiciones se encuentran- y los que deben tomar la decisi\u00f3n&#8221;.<\/p>\n\n\n\n<p>En otro orden de ideas,\u00a0luego de las expresiones del tambi\u00e9n exrector de la Casa de Estudios, Rafael Hern\u00e1ndez Villalpando, de que es &#8220;una paleta muy chupada&#8221; y que si gana ahora s\u00ed gestionar\u00e1 recursos para Xalapa; expres\u00f3 que hay una fuerte dependencia del gobierno hacia la Federaci\u00f3n.<\/p>\n\n\n\n<p>&#8220;Hay una fuerte dependencia del gobierno municipal, el 77 por ciento de los ingresos son aportaciones federales y s\u00f3lo generamos un 23 por ciento. Qu\u00e9 hace un partido pol\u00edtico cuando gana una elecci\u00f3n municipal, llegan todos al gobierno como si fuera un bot\u00edn&#8221;, se\u00f1al\u00f3.<\/p>\n\n\n\n<p>\u201cPara nosotros no ser\u00e1 as\u00ed. Nosotros somos una plataforma ciudadana en donde no tenemos ning\u00fan compromiso. Nuestra alianza es con los ciudadanos y eso lo vamos a respetar escrupulosamente&#8221;, agreg\u00f3.<\/p>\n\n\n\n<p>Finalmente el candidato de Movimiento Ciudadano inform\u00f3 que solicit\u00f3 al consejo municipal electoral que invite a todas las candidaturas a la alcald\u00eda de Xalapa para que se promuevan tres debates sobre los distintos proyectos que se presentan a la sociedad.<\/p>\n","protected":false},"excerpt":{"rendered":"<p>Dar\u00edo Pale Xalapa, Ver.- Ante\u00a0el inminente regreso a clases presenciales de todos los integrantes de la comunidad universitaria, ellos deber\u00edan tomar esa decisi\u00f3n de reincorporarse o no, as\u00ed lo se\u00f1al\u00f3 el\u00a0exrector de la Universidad Veracruzana y actual candidato a la alcald\u00eda de Xalapa, por Movimiento Ciudadano, Ra\u00fal Arias Lovillo. En conferencia de prensa realizada en [&hellip;]<\/p>\n","protected":false},"author":1,"featured_media":13785,"comment_status":"open","ping_status":"open","sticky":false,"template":"","format":"standard","meta":{"_jetpack_memberships_contains_paid_content":false,"footnotes":""},"categories":[3],"tags":[],"class_list":["post-13784","post","type-post","status-publish","format-standard","has-post-thumbnail","hentry","category-xalapa"],"jetpack_featured_media_url":"https:\/\/encuentroinformativo.com.mx\/wp-content\/uploads\/2021\/05\/6EED68C6-6DE7-4A50-BCCD-67E90764D6EB.jpeg","jetpack_sharing_enabled":true,"jetpack_likes_enabled":true,"amp_enabled":true,"_links":{"self":[{"href":"https:\/\/encuentroinformativo.com.mx\/index.php?rest_route=\/wp\/v2\/posts\/13784","targetHints":{"allow":["GET"]}}],"collection":[{"href":"https:\/\/encuentroinformativo.com.mx\/index.php?rest_route=\/wp\/v2\/posts"}],"about":[{"href":"https:\/\/encuentroinformativo.com.mx\/index.php?rest_route=\/wp\/v2\/types\/post"}],"author":[{"embeddable":true,"href":"https:\/\/encuentroinformativo.com.mx\/index.php?rest_route=\/wp\/v2\/users\/1"}],"replies":[{"embeddable":true,"href":"https:\/\/encuentroinformativo.com.mx\/index.php?rest_route=%2Fwp%2Fv2%2Fcomments&post=13784"}],"version-history":[{"count":1,"href":"https:\/\/encuentroinformativo.com.mx\/index.php?rest_route=\/wp\/v2\/posts\/13784\/revisions"}],"predecessor-version":[{"id":13786,"href":"https:\/\/encuentroinformativo.com.mx\/index.php?rest_route=\/wp\/v2\/posts\/13784\/revisions\/13786"}],"wp:featuredmedia":[{"embeddable":true,"href":"https:\/\/encuentroinformativo.com.mx\/index.php?rest_route=\/wp\/v2\/media\/13785"}],"wp:attachment":[{"href":"https:\/\/encuentroinformativo.com.mx\/index.php?rest_route=%2Fwp%2Fv2%2Fmedia&parent=13784"}],"wp:term":[{"taxonomy":"category","embeddable":true,"href":"https:\/\/encuentroinformativo.com.mx\/index.php?rest_route=%2Fwp%2Fv2%2Fcategories&post=13784"},{"taxonomy":"post_tag","embeddable":true,"href":"https:\/\/encuentroinformativo.com.mx\/index.php?rest_route=%2Fwp%2Fv2%2Ftags&post=13784"}],"curies":[{"name":"wp","href":"https:\/\/api.w.org\/{rel}","templated":true}]}}