{"id":13799,"date":"2021-05-06T14:25:14","date_gmt":"2021-05-06T19:25:14","guid":{"rendered":"https:\/\/encuentroinformativo.com.mx\/?p=13799"},"modified":"2021-05-06T14:25:18","modified_gmt":"2021-05-06T19:25:18","slug":"cuestiona-colectivo-cannabico-suspension-de-discusion-por-tiempos-electorales","status":"publish","type":"post","link":"https:\/\/encuentroinformativo.com.mx\/?p=13799","title":{"rendered":"Cuestiona Colectivo Cann\u00e1bico suspensi\u00f3n de discusi\u00f3n por tiempos electorales"},"content":{"rendered":"\n<p><strong>Dar\u00edo Pale<\/strong> <\/p>\n\n\n\n<p>Xalapa, Ver.- Los\u00a0activistas del Colectivo Cann\u00e1bico Interdisciplinario Mexicano dieron a conocer que la\u00a0suspensi\u00f3n de la legislaci\u00f3n por la despenalizaci\u00f3n del uso y consumo de la marihuana en M\u00e9xico a trav\u00e9s de la C\u00e1mara de Diputados y el Senado de la Rep\u00fablica fue estrat\u00e9gica y con fines electorales, pues ser\u00e1 un discursos de los candidatos de distintos partidos pol\u00edticos en el actual proceso electoral.<\/p>\n\n\n\n<p>En conferencia de prensa realizada en conocido caf\u00e9 del centro de Xalapa, H\u00e9ctor Arad Ibarra Jim\u00e9nez, estudiante de Derecho de la Facultad de la Universidad Veracruzana acompa\u00f1ado de activistas de dicho colectivo se\u00f1alaron que,\u00a0&#8220;se han estado solicitando pr\u00f3rrogas, se ha estado metiendo en la congeladora, no se ha estado legislando lo que se debe legislar y ahora, la \u00faltima noticia, cuando ya cre\u00edamos, porque el plazo constitucional ya de venc\u00eda el 30 de abril, cuando ya cre\u00edamos que esto iba a ser una realidad, se modifica, se ponen algunas otras observaciones y otra vez a la congeladora&#8221;.<\/p>\n\n\n\n<p>Insisti\u00f3 que podr\u00eda ser tratado como un tema partidista y pol\u00edtico, &#8220;probablemente vamos a ver candidatos levantando esta consigna y haci\u00e9ndose los h\u00e9roes de que van a legislar con esto&#8221;.<\/p>\n\n\n\n<p>Por otra parte Denis G\u00f3mez, empresaria y consumidora y Mar\u00eda Fernanda Alvisar, bi\u00f3loga, consumidora y representante del Colectivo Cann\u00e1bico Interdisciplinario Mexicano pugnaron porque adem\u00e1s de que se legisle para garantizar como un derecho el consumo l\u00fadico y medicinal, se otorgue informaci\u00f3n sobre los beneficios de la planta del cannabis en sus diferentes usos:<\/p>\n\n\n\n<p>\u201cProponemos crear en alg\u00fan momento un tipo de laboratorio para que se pueda analizar el tipo de cannabis que se consume y su calidad, as\u00ed como hacer encuestas globales sobre la investigaci\u00f3n para recopilar datos sobre su uso, experiencias y sobre salud&#8221;, se\u00f1alaron.<br>Insisten en que el auto cultivo org\u00e1nico es la \u00fanica forma para obtener un producto libre de residuos t\u00f3xicos para que no da\u00f1e nuestro organismo.<\/p>\n\n\n\n<p>Finalmente dieron a conocer que este s\u00e1bado 8 de marzo Xalapa se unir\u00e1 a la XXI Marcha por el D\u00eda Mundial de la Liberaci\u00f3n de la Marihuana, ser\u00e1 a partir de las 4:20 de la tarde, saliendo del Teatro del Estado y concluir\u00e1 con un mitin informativo en la Plaza Lerdo.<\/p>\n","protected":false},"excerpt":{"rendered":"<p>Dar\u00edo Pale Xalapa, Ver.- Los\u00a0activistas del Colectivo Cann\u00e1bico Interdisciplinario Mexicano dieron a conocer que la\u00a0suspensi\u00f3n de la legislaci\u00f3n por la despenalizaci\u00f3n del uso y consumo de la marihuana en M\u00e9xico a trav\u00e9s de la C\u00e1mara de Diputados y el Senado de la Rep\u00fablica fue estrat\u00e9gica y con fines electorales, pues ser\u00e1 un discursos de los [&hellip;]<\/p>\n","protected":false},"author":1,"featured_media":13800,"comment_status":"open","ping_status":"open","sticky":false,"template":"","format":"standard","meta":{"_jetpack_memberships_contains_paid_content":false,"footnotes":""},"categories":[3],"tags":[],"class_list":["post-13799","post","type-post","status-publish","format-standard","has-post-thumbnail","hentry","category-xalapa"],"jetpack_featured_media_url":"https:\/\/encuentroinformativo.com.mx\/wp-content\/uploads\/2021\/05\/12CDCE3C-5822-421F-ADA7-144E50F568B9.jpeg","jetpack_sharing_enabled":true,"jetpack_likes_enabled":true,"amp_enabled":true,"_links":{"self":[{"href":"https:\/\/encuentroinformativo.com.mx\/index.php?rest_route=\/wp\/v2\/posts\/13799","targetHints":{"allow":["GET"]}}],"collection":[{"href":"https:\/\/encuentroinformativo.com.mx\/index.php?rest_route=\/wp\/v2\/posts"}],"about":[{"href":"https:\/\/encuentroinformativo.com.mx\/index.php?rest_route=\/wp\/v2\/types\/post"}],"author":[{"embeddable":true,"href":"https:\/\/encuentroinformativo.com.mx\/index.php?rest_route=\/wp\/v2\/users\/1"}],"replies":[{"embeddable":true,"href":"https:\/\/encuentroinformativo.com.mx\/index.php?rest_route=%2Fwp%2Fv2%2Fcomments&post=13799"}],"version-history":[{"count":1,"href":"https:\/\/encuentroinformativo.com.mx\/index.php?rest_route=\/wp\/v2\/posts\/13799\/revisions"}],"predecessor-version":[{"id":13801,"href":"https:\/\/encuentroinformativo.com.mx\/index.php?rest_route=\/wp\/v2\/posts\/13799\/revisions\/13801"}],"wp:featuredmedia":[{"embeddable":true,"href":"https:\/\/encuentroinformativo.com.mx\/index.php?rest_route=\/wp\/v2\/media\/13800"}],"wp:attachment":[{"href":"https:\/\/encuentroinformativo.com.mx\/index.php?rest_route=%2Fwp%2Fv2%2Fmedia&parent=13799"}],"wp:term":[{"taxonomy":"category","embeddable":true,"href":"https:\/\/encuentroinformativo.com.mx\/index.php?rest_route=%2Fwp%2Fv2%2Fcategories&post=13799"},{"taxonomy":"post_tag","embeddable":true,"href":"https:\/\/encuentroinformativo.com.mx\/index.php?rest_route=%2Fwp%2Fv2%2Ftags&post=13799"}],"curies":[{"name":"wp","href":"https:\/\/api.w.org\/{rel}","templated":true}]}}