{"id":13802,"date":"2021-05-06T14:45:17","date_gmt":"2021-05-06T19:45:17","guid":{"rendered":"https:\/\/encuentroinformativo.com.mx\/?p=13802"},"modified":"2021-05-06T14:45:21","modified_gmt":"2021-05-06T19:45:21","slug":"enfermeras-reclaman-recursos-para-profesionalizacion","status":"publish","type":"post","link":"https:\/\/encuentroinformativo.com.mx\/?p=13802","title":{"rendered":"Enfermeras reclaman recursos para profesionalizaci\u00f3n"},"content":{"rendered":"\n<p><strong>Juan Arcos <\/strong><\/p>\n\n\n\n<p>Xalapa, Ver.- Personal del Sector Salud tom\u00f3 las oficinas de la Secretar\u00eda de Finanzas y Planeaci\u00f3n (Sefiplan) para exigir que sea liberado un recurso econ\u00f3mico para la profesionalizaci\u00f3n de las \u00e1reas de enfermer\u00eda, trabajo social y otras.<\/p>\n\n\n\n<p>Los trabajadores pidieron al gobernador del estado, Cuitl\u00e1huac Garc\u00eda Jim\u00e9nez, que autorice el financiamiento para la mencionada profesionalizaci\u00f3n, misma que est\u00e1 detenida desde hace nueve a\u00f1os, afectando a 120 empleados.<\/p>\n\n\n\n<p>De acuerdo con Myrna Dinora Contreras y Torres, secretaria general del Sindicato Estatal de Trabajadores al Servicio de Salud de Veracruz, el programa de profesionalizaci\u00f3n ha estado vigente a\u00f1o tras a\u00f1o y se hab\u00eda mantenido del presupuesto estatal.<\/p>\n\n\n\n<p>\u201cEs un programa que viene a\u00f1o con a\u00f1o del sistema federal; sin embargo, las enfermeras, trabajadoras sociales, desde el 2012 est\u00e1 parado este programa\u201d.<\/p>\n\n\n\n<p>En ese sentido, se\u00f1al\u00f3 que desde administraciones estatales pasadas se ha solicitado de manera formal que sea financiado el programa, pero hasta el momento no han obtenido una respuesta favorable.<\/p>\n\n\n\n<p>Adem\u00e1s, desde noviembre de 2020, se ha solicitado una audiencia con autoridades estatales para atender dicha problem\u00e1tica, pero han sido ignorados.<\/p>\n\n\n\n<p>\u201cNada m\u00e1s nos hacen dar vueltas y no nos resuelven, yo creo que aqu\u00ed es suficiente la paciencia que se tiene como enfermeras de que es un recurso que no se est\u00e1 pagando\u201d.\u00a0<br>Dinora Contreras record\u00f3 que las enfermeras est\u00e1n laborando en la primera l\u00ednea de batalla contra la pandemia del SARS-COV-2 (COVID-19) y perciben salarios como auxiliares de enfermer\u00eda, debido a la falta del programa de profesionalizaci\u00f3n.<\/p>\n\n\n\n<p>Tambi\u00e9n coment\u00f3 que se necesita que el gobierno estatal destine 2.5 millones de pesos para reactivar el mencionado programa.<\/p>\n","protected":false},"excerpt":{"rendered":"<p>Juan Arcos Xalapa, Ver.- Personal del Sector Salud tom\u00f3 las oficinas de la Secretar\u00eda de Finanzas y Planeaci\u00f3n (Sefiplan) para exigir que sea liberado un recurso econ\u00f3mico para la profesionalizaci\u00f3n de las \u00e1reas de enfermer\u00eda, trabajo social y otras. Los trabajadores pidieron al gobernador del estado, Cuitl\u00e1huac Garc\u00eda Jim\u00e9nez, que autorice el financiamiento para la [&hellip;]<\/p>\n","protected":false},"author":1,"featured_media":13803,"comment_status":"open","ping_status":"open","sticky":false,"template":"","format":"standard","meta":{"_jetpack_memberships_contains_paid_content":false,"footnotes":""},"categories":[9],"tags":[],"class_list":["post-13802","post","type-post","status-publish","format-standard","has-post-thumbnail","hentry","category-salud"],"jetpack_featured_media_url":"https:\/\/encuentroinformativo.com.mx\/wp-content\/uploads\/2021\/05\/4E989E91-275C-44BA-AF1F-A14BF8F39A24.jpeg","jetpack_sharing_enabled":true,"jetpack_likes_enabled":true,"amp_enabled":true,"_links":{"self":[{"href":"https:\/\/encuentroinformativo.com.mx\/index.php?rest_route=\/wp\/v2\/posts\/13802","targetHints":{"allow":["GET"]}}],"collection":[{"href":"https:\/\/encuentroinformativo.com.mx\/index.php?rest_route=\/wp\/v2\/posts"}],"about":[{"href":"https:\/\/encuentroinformativo.com.mx\/index.php?rest_route=\/wp\/v2\/types\/post"}],"author":[{"embeddable":true,"href":"https:\/\/encuentroinformativo.com.mx\/index.php?rest_route=\/wp\/v2\/users\/1"}],"replies":[{"embeddable":true,"href":"https:\/\/encuentroinformativo.com.mx\/index.php?rest_route=%2Fwp%2Fv2%2Fcomments&post=13802"}],"version-history":[{"count":1,"href":"https:\/\/encuentroinformativo.com.mx\/index.php?rest_route=\/wp\/v2\/posts\/13802\/revisions"}],"predecessor-version":[{"id":13804,"href":"https:\/\/encuentroinformativo.com.mx\/index.php?rest_route=\/wp\/v2\/posts\/13802\/revisions\/13804"}],"wp:featuredmedia":[{"embeddable":true,"href":"https:\/\/encuentroinformativo.com.mx\/index.php?rest_route=\/wp\/v2\/media\/13803"}],"wp:attachment":[{"href":"https:\/\/encuentroinformativo.com.mx\/index.php?rest_route=%2Fwp%2Fv2%2Fmedia&parent=13802"}],"wp:term":[{"taxonomy":"category","embeddable":true,"href":"https:\/\/encuentroinformativo.com.mx\/index.php?rest_route=%2Fwp%2Fv2%2Fcategories&post=13802"},{"taxonomy":"post_tag","embeddable":true,"href":"https:\/\/encuentroinformativo.com.mx\/index.php?rest_route=%2Fwp%2Fv2%2Ftags&post=13802"}],"curies":[{"name":"wp","href":"https:\/\/api.w.org\/{rel}","templated":true}]}}