{"id":13809,"date":"2021-05-06T16:04:32","date_gmt":"2021-05-06T21:04:32","guid":{"rendered":"https:\/\/encuentroinformativo.com.mx\/?p=13809"},"modified":"2021-05-06T16:04:35","modified_gmt":"2021-05-06T21:04:35","slug":"por-falta-de-politicas-publicas-cafetaleros-reportan-perdidas-millonarias","status":"publish","type":"post","link":"https:\/\/encuentroinformativo.com.mx\/?p=13809","title":{"rendered":"Por falta de pol\u00edticas p\u00fablicas, cafetaleros reportan p\u00e9rdidas millonarias"},"content":{"rendered":"\n<p><strong>Juan Arcos\/Dar\u00edo Pale <\/strong><\/p>\n\n\n\n<p>Xalapa, Ver.- Cafetaleros de Veracruz reportaron p\u00e9rdidas econ\u00f3micas de mil 600 millones de pesos durante esta cosecha 2020-2021.<\/p>\n\n\n\n<p>De acuerdo con el presidente del Consejo Regional del Caf\u00e9 de Coatepec, Cirio Ruiz Gonz\u00e1lez, esa situaci\u00f3n ha afectado de manera significativa al sector, ante la falta de pol\u00edticas p\u00fablicas en beneficio de los productores.<\/p>\n\n\n\n<p>En ese sentido, destac\u00f3 la importancia de que el gobierno emita un decreto para crear un organismo que meta orden en la cafeticultura nacional.<\/p>\n\n\n\n<p>&#8220;Por eso demandamos que el Gobierno Federal haga un decreto para crear un nuevo organismo que ordene y discipline la caficultura nacional\u201d, enfatiz\u00f3.<\/p>\n\n\n\n<p>El entrevistado consider\u00f3 que los peque\u00f1os productores han tenido que organizarse para contrarrestar las afectaciones econ\u00f3micas ante las importaciones que realizan empresas transnacionales.<\/p>\n\n\n\n<p>Por tal motivo, indic\u00f3 que se requiere la creaci\u00f3n de un organismo y nuevas pol\u00edticas p\u00fablicas para que haya mejores ventas y precios del caf\u00e9.<\/p>\n\n\n\n<p>Los cafetaleros han protestado de manera constante para solicitar al gobierno que incremente los apoyos destinados a los peque\u00f1os productores.<\/p>\n\n\n\n<p>Este jueves, un grupo de ellos acudi\u00f3 a Palacio de Gobierno para reunirse con autoridades agropecuarias y entregar un pliego petitorio, en busca de mejores condiciones para la cafeticultura veracruzana.<\/p>\n\n\n\n<p>Por lo que dio a conocer que es la primera reuni\u00f3n que sostendr\u00e1n con representantes de gobierno del estado de SADER y de la SEDARPA, con la finalidad de ver la posibilidad de crear\u00a0un \u00f3rgano nacional para atender los problemas de dicho sector, ya que actualmente no existe ninguna instituci\u00f3n que los respalde.<\/p>\n\n\n\n<p>Se\u00f1al\u00f3 que estos son problemas sociales, pol\u00edticos, econ\u00f3micos no es electoral pero si es de pol\u00edticas p\u00fablicas, es la primera reuni\u00f3n que se llevar\u00e1 a cabo, ya que es necesario que las tres organizaciones principales del pa\u00eds que representan peque\u00f1os productores est\u00e9n coordinadas para las diferentes demandas.<\/p>\n\n\n\n<p>&#8220;La sociedad no debe de soltar estos temas porque atr\u00e1s de esto hay una cuesti\u00f3n humana y cultural. No hay un control ni voluntad de la Secretar\u00eda de Agricultura y Desarrollo Rural (SADER) de tener una p\u00e1gina para que a diario nos digan c\u00f3mo van las cosechas, ventas, precio, el clima&#8221;, se\u00f1al\u00f3.<\/p>\n\n\n\n<p>Finalmente cuestionado sobre la creaci\u00f3n del Instituto Veracruzano del Caf\u00e9 el cual nunca se realiz\u00f3 coment\u00f3 que este no cubr\u00eda las necesidades de los cafetaleros,\u00a0&#8220;esto fue una buena iniciativa pero no suficiente, era muy limitada y los productores estamos en todo el pa\u00eds. No sirve de mucho hacer una figura estatal. Este proyecto de qued\u00f3 en el tintero pero no sirve de mucho. Tiene que ser nacional&#8221;.<\/p>\n","protected":false},"excerpt":{"rendered":"<p>Juan Arcos\/Dar\u00edo Pale Xalapa, Ver.- Cafetaleros de Veracruz reportaron p\u00e9rdidas econ\u00f3micas de mil 600 millones de pesos durante esta cosecha 2020-2021. De acuerdo con el presidente del Consejo Regional del Caf\u00e9 de Coatepec, Cirio Ruiz Gonz\u00e1lez, esa situaci\u00f3n ha afectado de manera significativa al sector, ante la falta de pol\u00edticas p\u00fablicas en beneficio de los [&hellip;]<\/p>\n","protected":false},"author":1,"featured_media":13810,"comment_status":"open","ping_status":"open","sticky":false,"template":"","format":"standard","meta":{"_jetpack_memberships_contains_paid_content":false,"footnotes":""},"categories":[8],"tags":[],"class_list":["post-13809","post","type-post","status-publish","format-standard","has-post-thumbnail","hentry","category-region"],"jetpack_featured_media_url":"https:\/\/encuentroinformativo.com.mx\/wp-content\/uploads\/2021\/05\/29E7A035-5D10-40DA-9233-36F3481C672D.jpeg","jetpack_sharing_enabled":true,"jetpack_likes_enabled":true,"amp_enabled":true,"_links":{"self":[{"href":"https:\/\/encuentroinformativo.com.mx\/index.php?rest_route=\/wp\/v2\/posts\/13809","targetHints":{"allow":["GET"]}}],"collection":[{"href":"https:\/\/encuentroinformativo.com.mx\/index.php?rest_route=\/wp\/v2\/posts"}],"about":[{"href":"https:\/\/encuentroinformativo.com.mx\/index.php?rest_route=\/wp\/v2\/types\/post"}],"author":[{"embeddable":true,"href":"https:\/\/encuentroinformativo.com.mx\/index.php?rest_route=\/wp\/v2\/users\/1"}],"replies":[{"embeddable":true,"href":"https:\/\/encuentroinformativo.com.mx\/index.php?rest_route=%2Fwp%2Fv2%2Fcomments&post=13809"}],"version-history":[{"count":1,"href":"https:\/\/encuentroinformativo.com.mx\/index.php?rest_route=\/wp\/v2\/posts\/13809\/revisions"}],"predecessor-version":[{"id":13811,"href":"https:\/\/encuentroinformativo.com.mx\/index.php?rest_route=\/wp\/v2\/posts\/13809\/revisions\/13811"}],"wp:featuredmedia":[{"embeddable":true,"href":"https:\/\/encuentroinformativo.com.mx\/index.php?rest_route=\/wp\/v2\/media\/13810"}],"wp:attachment":[{"href":"https:\/\/encuentroinformativo.com.mx\/index.php?rest_route=%2Fwp%2Fv2%2Fmedia&parent=13809"}],"wp:term":[{"taxonomy":"category","embeddable":true,"href":"https:\/\/encuentroinformativo.com.mx\/index.php?rest_route=%2Fwp%2Fv2%2Fcategories&post=13809"},{"taxonomy":"post_tag","embeddable":true,"href":"https:\/\/encuentroinformativo.com.mx\/index.php?rest_route=%2Fwp%2Fv2%2Ftags&post=13809"}],"curies":[{"name":"wp","href":"https:\/\/api.w.org\/{rel}","templated":true}]}}