{"id":1381,"date":"2020-03-29T13:43:12","date_gmt":"2020-03-29T19:43:12","guid":{"rendered":"https:\/\/encuentroinformativo.com\/?p=1381"},"modified":"2020-03-29T13:43:14","modified_gmt":"2020-03-29T19:43:14","slug":"iglesia-celebrara-semana-santa-sin-feligreses","status":"publish","type":"post","link":"https:\/\/encuentroinformativo.com.mx\/?p=1381","title":{"rendered":"Iglesia celebrar\u00e1 Semana Santa sin feligreses"},"content":{"rendered":"\n<p><strong>Juan Arcos<\/strong><\/p>\n\n\n\n<p>Xalapa, Ver.- El arzobispo de Xalapa, Hip\u00f3lito Reyes Larios, instruy\u00f3 a los sacerdotes que celebren la \u201csagrada eucarist\u00eda\u201d todos los d\u00edas, sin la presencia de feligreses.<\/p>\n\n\n\n<p>Tambi\u00e9n ser\u00e1n celebrados los oficios lit\u00fargicos de la Semana Santa en forma breve y sin la presencia de los fieles laicos.<\/p>\n\n\n\n<p>\u201cLa celebraci\u00f3n de la Misa Crismal se llevar\u00e1 a cabo en una fecha posterior que se avisar\u00e1 oportunamente\u201d.<\/p>\n\n\n\n<p>Lo anterior, dadas las circunstancias de esta segunda etapa de la contingencia sanitaria y atendiendo las recomendaciones que las autoridades sanitarias han hecho.<\/p>\n\n\n\n<p>A\u00f1adi\u00f3 que las misas ser\u00e1n transmitidas en medios de comunicaci\u00f3n y las plataformas digitales.<\/p>\n\n\n\n<p>Adem\u00e1s, los templos se mantendr\u00e1n abiertos en los horarios habituales de cada parroquia, para que la gente pueda hacer su visita al sagrario y venerar las im\u00e1genes de su devoci\u00f3n.<\/p>\n\n\n\n<p>\u201cEste tiempo de emergencia sanitaria nos apremia privilegiar la caridad hacia el pr\u00f3jimo especialmente a los m\u00e1s vulnerables. Ser\u00e1 necesario poner en pr\u00e1ctica la pastoral social y mantener abiertas las C\u00e1ritas parroquiales para la solidaridad, el desprendimiento y la cercan\u00eda con la poblaci\u00f3n que est\u00e1 m\u00e1s necesitada\u201d.<\/p>\n\n\n\n<p>Reyes Larios pidi\u00f3 que en los templos e instalaciones haya estrictas medidas higi\u00e9nicas y sanitarias, cuidando la limpieza a conciencia especialmente de aquellos lugares que son m\u00e1s frecuentados.<\/p>\n\n\n\n<p>Respecto a la cooperaci\u00f3n econ\u00f3mica diocesana, anunci\u00f3 a las administraciones parroquiales y a las rector\u00edas que los meses de marzo y abril de 2020 quedar\u00e1n exentos.<\/p>\n\n\n\n<p>Estas providencias estar\u00e1n vigentes mientras la contingencia sanitaria del COVID-19 no llegue a la fase tres.<\/p>\n","protected":false},"excerpt":{"rendered":"<p>Juan Arcos Xalapa, Ver.- El arzobispo de Xalapa, Hip\u00f3lito Reyes Larios, instruy\u00f3 a los sacerdotes que celebren la \u201csagrada eucarist\u00eda\u201d todos los d\u00edas, sin la presencia de feligreses. Tambi\u00e9n ser\u00e1n celebrados los oficios lit\u00fargicos de la Semana Santa en forma breve y sin la presencia de los fieles laicos. \u201cLa celebraci\u00f3n de la Misa Crismal [&hellip;]<\/p>\n","protected":false},"author":1,"featured_media":1382,"comment_status":"open","ping_status":"open","sticky":false,"template":"","format":"standard","meta":{"_jetpack_memberships_contains_paid_content":false,"footnotes":""},"categories":[3],"tags":[],"class_list":["post-1381","post","type-post","status-publish","format-standard","has-post-thumbnail","hentry","category-xalapa"],"jetpack_featured_media_url":"https:\/\/encuentroinformativo.com.mx\/wp-content\/uploads\/2020\/03\/A2896524-141E-4DE1-B2D7-7C2B8ACBD2DC.jpeg","jetpack_sharing_enabled":true,"jetpack_likes_enabled":true,"amp_enabled":true,"_links":{"self":[{"href":"https:\/\/encuentroinformativo.com.mx\/index.php?rest_route=\/wp\/v2\/posts\/1381","targetHints":{"allow":["GET"]}}],"collection":[{"href":"https:\/\/encuentroinformativo.com.mx\/index.php?rest_route=\/wp\/v2\/posts"}],"about":[{"href":"https:\/\/encuentroinformativo.com.mx\/index.php?rest_route=\/wp\/v2\/types\/post"}],"author":[{"embeddable":true,"href":"https:\/\/encuentroinformativo.com.mx\/index.php?rest_route=\/wp\/v2\/users\/1"}],"replies":[{"embeddable":true,"href":"https:\/\/encuentroinformativo.com.mx\/index.php?rest_route=%2Fwp%2Fv2%2Fcomments&post=1381"}],"version-history":[{"count":1,"href":"https:\/\/encuentroinformativo.com.mx\/index.php?rest_route=\/wp\/v2\/posts\/1381\/revisions"}],"predecessor-version":[{"id":1383,"href":"https:\/\/encuentroinformativo.com.mx\/index.php?rest_route=\/wp\/v2\/posts\/1381\/revisions\/1383"}],"wp:featuredmedia":[{"embeddable":true,"href":"https:\/\/encuentroinformativo.com.mx\/index.php?rest_route=\/wp\/v2\/media\/1382"}],"wp:attachment":[{"href":"https:\/\/encuentroinformativo.com.mx\/index.php?rest_route=%2Fwp%2Fv2%2Fmedia&parent=1381"}],"wp:term":[{"taxonomy":"category","embeddable":true,"href":"https:\/\/encuentroinformativo.com.mx\/index.php?rest_route=%2Fwp%2Fv2%2Fcategories&post=1381"},{"taxonomy":"post_tag","embeddable":true,"href":"https:\/\/encuentroinformativo.com.mx\/index.php?rest_route=%2Fwp%2Fv2%2Ftags&post=1381"}],"curies":[{"name":"wp","href":"https:\/\/api.w.org\/{rel}","templated":true}]}}