{"id":13820,"date":"2021-05-07T00:20:53","date_gmt":"2021-05-07T05:20:53","guid":{"rendered":"https:\/\/encuentroinformativo.com.mx\/?p=13820"},"modified":"2021-05-07T00:20:57","modified_gmt":"2021-05-07T05:20:57","slug":"comunicador-acusa-despido-por-criticar-a-candidato-de-morena","status":"publish","type":"post","link":"https:\/\/encuentroinformativo.com.mx\/?p=13820","title":{"rendered":"Comunicador acusa despido por criticar a candidato de Morena"},"content":{"rendered":"\n<p><strong>Dar\u00edo Pale<\/strong><\/p>\n\n\n\n<p>Xalapa, Ver.- El comunicador&nbsp; Francisco Rivera denunci\u00f3 que por cr\u00edticas al partido Movimiento de Regeneraci\u00f3n Nacional (MORENA) fue despedido del programa radiof\u00f3nico en Perote de una empresa propiedad de Carlos Ferr\u00e1ez Centeno y responsabiliza de cualquier atentado al candidato de Morena por Perote Baruch Ortiz y a su hermano.<\/p>\n\n\n\n<p>En conferencia de prensa realizada en conocido caf\u00e9 del centro de Xalapa se\u00f1al\u00f3 que,&nbsp;\u201cla gente de Morena en Perote se ha conducido desde un principio como una especie de secta, a la que no hay manera de acceder, se sab\u00eda que en la franquicia de Morena en Perote la regenteaban los que llevan los programas sociales&#8221;.<\/p>\n\n\n\n<p>Dio a conocer que no ten\u00edan disponibilidad de hablar o tener interlocuci\u00f3n, pese a que les solicitaron varias veces que asistieran nunca los atendieron ni se enteraron qui\u00e9n era el dirigente del partido, ya que era un secreto muy bien guardado, sab\u00edan que los due\u00f1os son los Ortiz y la ciudadan\u00eda sabe que el protector de esa familia es Manuel Huerta Ladr\u00f3n de Guevara delegado federal en el estado.<\/p>\n\n\n\n<p>Por lo anterior responsabiliz\u00f3 de cualquier atentado a su integridad al candidato de MORENA a la alcald\u00eda de Perote, Baruch Ortiz Herrera y a su hermano, el coordinador del programa Sembrando Vida en la zona de la Huasteca, Rand\u00fa Ortiz Herrera.<\/p>\n\n\n\n<p>Francisco Rivera explic\u00f3 que hace unos d\u00edas, uno de los propietarios de la cadena de radiodifusi\u00f3n le solicit\u00f3 que detuviera comentarios sobre Baruch Ortiz y la Cuarta Transformaci\u00f3n,&nbsp;\u201cdesgraciadamente creo que el due\u00f1o no conoce el concepto de lo que son los derechos de las audiencias, eso tal vez lo ignora. Me han dicho de cosas que dicen, amenazas directas no. S\u00ed hago responsable de cualquier problema, atentado contra mi integridad y de mi familia, al se\u00f1or Rand\u00fa Ortiz, al se\u00f1or Baruch Ortiz y tambi\u00e9n a Manuel Huerta, que es su jefe. Hasta donde yo entiendo, ellos pidieron que me sacaran\u201d.<\/p>\n\n\n\n<p>Afirm\u00f3 que en las emisiones del matutino, manej\u00f3 siempre informaci\u00f3n neutral sin atacar directamente a ning\u00fan color partidista,&nbsp;\u201ccuando empez\u00f3 el proceso electoral, nosotros le dimos seguimiento tratando mucho la objetividad y la libertad de expresi\u00f3n. Tuvimos pl\u00e1ticas con muchos actores de la pol\u00edtica municipal. La gente de MORENA en Perote, se ha manejado como una especie de secta a la que no hay manera de acceder. Se sab\u00eda que la franquicia de MORENA la regenteaba los encargados de los programas sociales&#8221;.<\/p>\n\n\n\n<p>Finalmente dio a conocer que no acudir\u00e1 a las instancias legales correspondientes ni a la Comisi\u00f3n Estatal de Atenci\u00f3n y Protecci\u00f3n a Periodistas (CEAPP), pues es un \u00f3rgano que no funciona en Veracruz,&nbsp;\u201ca\u00fan estoy evaluando si acudo o no, tengo elementos suficientes pero mi abogado me va a asesorar. Yo siempre he sido muy esc\u00e9ptico de esos organismos como la CEAPP y m\u00e1s cuando fue algo que lo invent\u00f3 Duarte&#8221;.<\/p>\n","protected":false},"excerpt":{"rendered":"<p>Dar\u00edo Pale Xalapa, Ver.- El comunicador&nbsp; Francisco Rivera denunci\u00f3 que por cr\u00edticas al partido Movimiento de Regeneraci\u00f3n Nacional (MORENA) fue despedido del programa radiof\u00f3nico en Perote de una empresa propiedad de Carlos Ferr\u00e1ez Centeno y responsabiliza de cualquier atentado al candidato de Morena por Perote Baruch Ortiz y a su hermano. En conferencia de prensa [&hellip;]<\/p>\n","protected":false},"author":2476,"featured_media":13819,"comment_status":"open","ping_status":"open","sticky":false,"template":"","format":"standard","meta":{"_jetpack_memberships_contains_paid_content":false,"footnotes":""},"categories":[8],"tags":[],"class_list":["post-13820","post","type-post","status-publish","format-standard","has-post-thumbnail","hentry","category-region"],"jetpack_featured_media_url":"https:\/\/encuentroinformativo.com.mx\/wp-content\/uploads\/2021\/05\/DD618077-3BCE-4225-ACA1-5842F5B9BA26.jpeg","jetpack_sharing_enabled":true,"jetpack_likes_enabled":true,"amp_enabled":true,"_links":{"self":[{"href":"https:\/\/encuentroinformativo.com.mx\/index.php?rest_route=\/wp\/v2\/posts\/13820","targetHints":{"allow":["GET"]}}],"collection":[{"href":"https:\/\/encuentroinformativo.com.mx\/index.php?rest_route=\/wp\/v2\/posts"}],"about":[{"href":"https:\/\/encuentroinformativo.com.mx\/index.php?rest_route=\/wp\/v2\/types\/post"}],"author":[{"embeddable":true,"href":"https:\/\/encuentroinformativo.com.mx\/index.php?rest_route=\/wp\/v2\/users\/2476"}],"replies":[{"embeddable":true,"href":"https:\/\/encuentroinformativo.com.mx\/index.php?rest_route=%2Fwp%2Fv2%2Fcomments&post=13820"}],"version-history":[{"count":1,"href":"https:\/\/encuentroinformativo.com.mx\/index.php?rest_route=\/wp\/v2\/posts\/13820\/revisions"}],"predecessor-version":[{"id":13821,"href":"https:\/\/encuentroinformativo.com.mx\/index.php?rest_route=\/wp\/v2\/posts\/13820\/revisions\/13821"}],"wp:featuredmedia":[{"embeddable":true,"href":"https:\/\/encuentroinformativo.com.mx\/index.php?rest_route=\/wp\/v2\/media\/13819"}],"wp:attachment":[{"href":"https:\/\/encuentroinformativo.com.mx\/index.php?rest_route=%2Fwp%2Fv2%2Fmedia&parent=13820"}],"wp:term":[{"taxonomy":"category","embeddable":true,"href":"https:\/\/encuentroinformativo.com.mx\/index.php?rest_route=%2Fwp%2Fv2%2Fcategories&post=13820"},{"taxonomy":"post_tag","embeddable":true,"href":"https:\/\/encuentroinformativo.com.mx\/index.php?rest_route=%2Fwp%2Fv2%2Ftags&post=13820"}],"curies":[{"name":"wp","href":"https:\/\/api.w.org\/{rel}","templated":true}]}}