{"id":13823,"date":"2021-05-07T00:50:07","date_gmt":"2021-05-07T05:50:07","guid":{"rendered":"https:\/\/encuentroinformativo.com.mx\/?p=13823"},"modified":"2021-05-07T00:50:11","modified_gmt":"2021-05-07T05:50:11","slug":"recibio-ine-lista-nominal-definitiva-para-el-6-de-junio","status":"publish","type":"post","link":"https:\/\/encuentroinformativo.com.mx\/?p=13823","title":{"rendered":"Recibi\u00f3 INE lista nominal definitiva para el 6 de junio"},"content":{"rendered":"\n<p>Xalapa, Ver.- En presencia de integrantes del Consejo Local, as\u00ed\u00a0como\u00a0del\u00a0funcionariado\u00a0del Servicio Profesional\u00a0Electoral Nacional\u00a0del Instituto Nacional Electoral\u00a0(INE)\u00a0en el\u00a0Estado de Veracruz,\u00a0la Vocal\u00eda del Registro\u00a0Federal de Electores\u00a0recibi\u00f3,\u00a0con el apoyo del personal administrativo,\u00a010\u00a0mil\u00a0761 cuadernos en\u00a0550\u00a0cajas que contienen\u00a0la Lista Nominal Definitiva con fotograf\u00eda que ser\u00e1 utilizada en la\u00a0Jornada Electoral del\u00a06 de junio\u00a0en el Estado de Veracruz.<\/p>\n\n\n\n<p>El listado\u00a0nominal\u00a0impreso y resguardado a partir\u00a0de hoy\u00a0en el Estado,\u00a0contiene los\u00a0nombres\u00a0de las\u00a0ciudadanas y\u00a0ciudadanos\u00a0que cuentan con\u00a0su\u00a0credencial para votar\u00a0y qued\u00f3\u00a0ordenado alfab\u00e9ticamente por distrito y por secci\u00f3n electoral para suposterior entrega\u00a0a los\u00a0consejos distritales y,\u00a0a trav\u00e9s de \u00e9stos,a las\u00a0presidencias de\u00a0las\u00a0mesas directivas de casilla.<\/p>\n\n\n\n<p>La&nbsp;Lista&nbsp;Nominal en Veracruz&nbsp;est\u00e1&nbsp;integrada&nbsp;por&nbsp;5 millones 979 mil 606&nbsp;ciudadanas y ciudadanos&nbsp;quienes&nbsp;est\u00e1n incluidos en el Padr\u00f3n Electoral.&nbsp;<\/p>\n\n\n\n<p>El d\u00eda de la votaci\u00f3n,\u00a0las y\u00a0los funcionarios\u00a0que integrar\u00e1n las\u00a010 mil 825 casillas en la entidad,\u00a0contar\u00e1n\u00a0con\u00a0las\u00a0listas nominalesdefinitivas\u00a0impresas con los nombres de\u00a0las y\u00a0los ciudadanos\u00a0para verificar que quienes acudan para ejercer su derecho, cumplen con los requisitos de ley.<\/p>\n\n\n\n<p>Cabe se\u00f1alar que&nbsp;el pasado&nbsp;28 de&nbsp;abril, el Consejo&nbsp;Generaldel INE declar\u00f3 v\u00e1lidos y&nbsp;definitivos&nbsp;tanto el&nbsp;Padr\u00f3n&nbsp;Electoral&nbsp;como&nbsp;los listados nominales de electores&nbsp;integrados por 93 millones 528 mil 473 ciudadanas y ciudadanos en el territorio nacional.<\/p>\n\n\n\n<p>En el operativo\u00a0de\u00a0traslado y\u00a0recepci\u00f3n\u00a0de la\u00a0Lista Nominal Definitiva\u00a0participaron,\u00a0en\u00a0apoyo\u00a0log\u00edstico, unidades de la\u00a0Direcci\u00f3n General de Tr\u00e1nsito y Seguridad Vial del Estado\u00a0de Veracruz.<\/p>\n\n\n\n<figure class=\"wp-block-image size-large\"><img loading=\"lazy\" decoding=\"async\" width=\"1024\" height=\"702\" src=\"https:\/\/encuentroinformativo.com.mx\/wp-content\/uploads\/2021\/05\/570AEBC8-AEC5-4BB1-AACE-426214C6E9E8.jpeg\" alt=\"\" class=\"wp-image-13825\" srcset=\"https:\/\/encuentroinformativo.com.mx\/wp-content\/uploads\/2021\/05\/570AEBC8-AEC5-4BB1-AACE-426214C6E9E8.jpeg 1024w, https:\/\/encuentroinformativo.com.mx\/wp-content\/uploads\/2021\/05\/570AEBC8-AEC5-4BB1-AACE-426214C6E9E8-300x206.jpeg 300w, https:\/\/encuentroinformativo.com.mx\/wp-content\/uploads\/2021\/05\/570AEBC8-AEC5-4BB1-AACE-426214C6E9E8-768x527.jpeg 768w\" sizes=\"auto, (max-width: 1024px) 100vw, 1024px\" \/><\/figure>\n","protected":false},"excerpt":{"rendered":"<p>Xalapa, Ver.- En presencia de integrantes del Consejo Local, as\u00ed\u00a0como\u00a0del\u00a0funcionariado\u00a0del Servicio Profesional\u00a0Electoral Nacional\u00a0del Instituto Nacional Electoral\u00a0(INE)\u00a0en el\u00a0Estado de Veracruz,\u00a0la Vocal\u00eda del Registro\u00a0Federal de Electores\u00a0recibi\u00f3,\u00a0con el apoyo del personal administrativo,\u00a010\u00a0mil\u00a0761 cuadernos en\u00a0550\u00a0cajas que contienen\u00a0la Lista Nominal Definitiva con fotograf\u00eda que ser\u00e1 utilizada en la\u00a0Jornada Electoral del\u00a06 de junio\u00a0en el Estado de Veracruz. El listado\u00a0nominal\u00a0impreso y resguardado [&hellip;]<\/p>\n","protected":false},"author":1,"featured_media":13824,"comment_status":"open","ping_status":"open","sticky":false,"template":"","format":"standard","meta":{"_jetpack_memberships_contains_paid_content":false,"footnotes":""},"categories":[2],"tags":[],"class_list":["post-13823","post","type-post","status-publish","format-standard","has-post-thumbnail","hentry","category-estado"],"jetpack_featured_media_url":"https:\/\/encuentroinformativo.com.mx\/wp-content\/uploads\/2021\/05\/60EF36D7-22AA-4EEB-A3EC-C8D9BC862708.jpeg","jetpack_sharing_enabled":true,"jetpack_likes_enabled":true,"amp_enabled":true,"_links":{"self":[{"href":"https:\/\/encuentroinformativo.com.mx\/index.php?rest_route=\/wp\/v2\/posts\/13823","targetHints":{"allow":["GET"]}}],"collection":[{"href":"https:\/\/encuentroinformativo.com.mx\/index.php?rest_route=\/wp\/v2\/posts"}],"about":[{"href":"https:\/\/encuentroinformativo.com.mx\/index.php?rest_route=\/wp\/v2\/types\/post"}],"author":[{"embeddable":true,"href":"https:\/\/encuentroinformativo.com.mx\/index.php?rest_route=\/wp\/v2\/users\/1"}],"replies":[{"embeddable":true,"href":"https:\/\/encuentroinformativo.com.mx\/index.php?rest_route=%2Fwp%2Fv2%2Fcomments&post=13823"}],"version-history":[{"count":1,"href":"https:\/\/encuentroinformativo.com.mx\/index.php?rest_route=\/wp\/v2\/posts\/13823\/revisions"}],"predecessor-version":[{"id":13826,"href":"https:\/\/encuentroinformativo.com.mx\/index.php?rest_route=\/wp\/v2\/posts\/13823\/revisions\/13826"}],"wp:featuredmedia":[{"embeddable":true,"href":"https:\/\/encuentroinformativo.com.mx\/index.php?rest_route=\/wp\/v2\/media\/13824"}],"wp:attachment":[{"href":"https:\/\/encuentroinformativo.com.mx\/index.php?rest_route=%2Fwp%2Fv2%2Fmedia&parent=13823"}],"wp:term":[{"taxonomy":"category","embeddable":true,"href":"https:\/\/encuentroinformativo.com.mx\/index.php?rest_route=%2Fwp%2Fv2%2Fcategories&post=13823"},{"taxonomy":"post_tag","embeddable":true,"href":"https:\/\/encuentroinformativo.com.mx\/index.php?rest_route=%2Fwp%2Fv2%2Ftags&post=13823"}],"curies":[{"name":"wp","href":"https:\/\/api.w.org\/{rel}","templated":true}]}}