{"id":13831,"date":"2021-05-07T10:13:27","date_gmt":"2021-05-07T15:13:27","guid":{"rendered":"https:\/\/encuentroinformativo.com.mx\/?p=13831"},"modified":"2021-05-07T10:13:30","modified_gmt":"2021-05-07T15:13:30","slug":"por-brote-de-aguas-negras-sin-ventas-en-zona-de-mercados-de-alvarado","status":"publish","type":"post","link":"https:\/\/encuentroinformativo.com.mx\/?p=13831","title":{"rendered":"Por brote de aguas negras, sin ventas en zona de mercados de Alvarado"},"content":{"rendered":"\n<p><strong>Alejandro \u00c1vila<\/strong><br>\u00a0<br>Alvarado, Ver.- Comerciantes de la zona de mercados en el municipio de Alvarado enviaron un oficio hecho a mano al Ayuntamiento de Alvarado, debido a que sus ventas ha disminuido considerablemente durante las \u00faltimas semanas, al punto de ser nulas desde hace d\u00edas, pues el brote de aguas negras despide un olor insoportable para los ciudadanos.<br>\u00a0<br>El documento que fue firmado por 26 comerciantes y que tiene sello y firma de recibido por parte de la autoridad municipal, detalla que existe un problema de drenaje en la calle \u00c1ngel Hermida Cala a la altura de Casa Garc\u00eda, sitio donde se desprenden d\u00eda y noche aguas negras que por el olor f\u00e9tido ahuyentan a los posibles compradores.<br>\u00a0<br>Esta afectaci\u00f3n incluye a los vecinos de las colonias cercanas, quienes adem\u00e1s son trabajadores de la zona de mercados y pescader\u00eda.<br>\u00a0<br>Acusan que desde hace semanas, cuando comenz\u00f3 esta situaci\u00f3n, acudieron a las oficinas de la delegaci\u00f3n de la Comisi\u00f3n de Agua del Estado de Veracruz y al propio Ayuntamiento para apresurar los trabajos, pero contin\u00faan sin tener soluci\u00f3n.<br>\u00a0<br>\u201cTodo el d\u00eda es un botadero de aguas negras, lo mismo de siempre, est\u00e1 colapsados los drenajes, y ellos, la gente pierde clientela, ellos como vendedores pierden clientela por la gente que no se acerca, porque es insoportable y ahorita en \u00e9poca de calor es insoportable el mal olor por las aguas negras que est\u00e1n corriendo como rio en esa zona de mercados\u201d, coment\u00f3 Erick Ayala, ciudadano de Alvarado.<br>\u00a0<br>Los due\u00f1os de queser\u00edas, pescader\u00edas, poller\u00edas, carnicer\u00edas, chocomilerias y verduler\u00edas, son los m\u00e1s afectados, al ser establecimientos de alimento.<\/p>\n\n\n\n<figure class=\"wp-block-image size-large\"><img loading=\"lazy\" decoding=\"async\" width=\"1024\" height=\"768\" src=\"https:\/\/encuentroinformativo.com.mx\/wp-content\/uploads\/2021\/05\/19622A86-948A-465E-B959-B38E521976B9-1024x768.jpeg\" alt=\"\" class=\"wp-image-13833\" srcset=\"https:\/\/encuentroinformativo.com.mx\/wp-content\/uploads\/2021\/05\/19622A86-948A-465E-B959-B38E521976B9-1024x768.jpeg 1024w, https:\/\/encuentroinformativo.com.mx\/wp-content\/uploads\/2021\/05\/19622A86-948A-465E-B959-B38E521976B9-300x225.jpeg 300w, https:\/\/encuentroinformativo.com.mx\/wp-content\/uploads\/2021\/05\/19622A86-948A-465E-B959-B38E521976B9-768x576.jpeg 768w, https:\/\/encuentroinformativo.com.mx\/wp-content\/uploads\/2021\/05\/19622A86-948A-465E-B959-B38E521976B9-1536x1152.jpeg 1536w, https:\/\/encuentroinformativo.com.mx\/wp-content\/uploads\/2021\/05\/19622A86-948A-465E-B959-B38E521976B9.jpeg 1600w\" sizes=\"auto, (max-width: 1024px) 100vw, 1024px\" \/><\/figure>\n","protected":false},"excerpt":{"rendered":"<p>Alejandro \u00c1vila\u00a0Alvarado, Ver.- Comerciantes de la zona de mercados en el municipio de Alvarado enviaron un oficio hecho a mano al Ayuntamiento de Alvarado, debido a que sus ventas ha disminuido considerablemente durante las \u00faltimas semanas, al punto de ser nulas desde hace d\u00edas, pues el brote de aguas negras despide un olor insoportable para [&hellip;]<\/p>\n","protected":false},"author":1,"featured_media":13832,"comment_status":"open","ping_status":"open","sticky":false,"template":"","format":"standard","meta":{"_jetpack_memberships_contains_paid_content":false,"footnotes":""},"categories":[2],"tags":[],"class_list":["post-13831","post","type-post","status-publish","format-standard","has-post-thumbnail","hentry","category-estado"],"jetpack_featured_media_url":"https:\/\/encuentroinformativo.com.mx\/wp-content\/uploads\/2021\/05\/65A395C0-6C1C-4F80-8419-EF11D1AEEC61.jpeg","jetpack_sharing_enabled":true,"jetpack_likes_enabled":true,"amp_enabled":true,"_links":{"self":[{"href":"https:\/\/encuentroinformativo.com.mx\/index.php?rest_route=\/wp\/v2\/posts\/13831","targetHints":{"allow":["GET"]}}],"collection":[{"href":"https:\/\/encuentroinformativo.com.mx\/index.php?rest_route=\/wp\/v2\/posts"}],"about":[{"href":"https:\/\/encuentroinformativo.com.mx\/index.php?rest_route=\/wp\/v2\/types\/post"}],"author":[{"embeddable":true,"href":"https:\/\/encuentroinformativo.com.mx\/index.php?rest_route=\/wp\/v2\/users\/1"}],"replies":[{"embeddable":true,"href":"https:\/\/encuentroinformativo.com.mx\/index.php?rest_route=%2Fwp%2Fv2%2Fcomments&post=13831"}],"version-history":[{"count":1,"href":"https:\/\/encuentroinformativo.com.mx\/index.php?rest_route=\/wp\/v2\/posts\/13831\/revisions"}],"predecessor-version":[{"id":13834,"href":"https:\/\/encuentroinformativo.com.mx\/index.php?rest_route=\/wp\/v2\/posts\/13831\/revisions\/13834"}],"wp:featuredmedia":[{"embeddable":true,"href":"https:\/\/encuentroinformativo.com.mx\/index.php?rest_route=\/wp\/v2\/media\/13832"}],"wp:attachment":[{"href":"https:\/\/encuentroinformativo.com.mx\/index.php?rest_route=%2Fwp%2Fv2%2Fmedia&parent=13831"}],"wp:term":[{"taxonomy":"category","embeddable":true,"href":"https:\/\/encuentroinformativo.com.mx\/index.php?rest_route=%2Fwp%2Fv2%2Fcategories&post=13831"},{"taxonomy":"post_tag","embeddable":true,"href":"https:\/\/encuentroinformativo.com.mx\/index.php?rest_route=%2Fwp%2Fv2%2Ftags&post=13831"}],"curies":[{"name":"wp","href":"https:\/\/api.w.org\/{rel}","templated":true}]}}