{"id":13835,"date":"2021-05-07T11:38:39","date_gmt":"2021-05-07T16:38:39","guid":{"rendered":"https:\/\/encuentroinformativo.com.mx\/?p=13835"},"modified":"2021-05-07T11:38:43","modified_gmt":"2021-05-07T16:38:43","slug":"exhorta-gobernador-a-investigar-despensas-localizadas-en-perote","status":"publish","type":"post","link":"https:\/\/encuentroinformativo.com.mx\/?p=13835","title":{"rendered":"Exhorta gobernador a investigar despensas localizadas en Perote"},"content":{"rendered":"\n<p><strong>Redacci\u00f3n<\/strong><\/p>\n\n\n\n<p>Xalapa, Ver.- Ante las despensas que fueron localizadas en la Fortaleza de San Carlos en el municipio de Perote, el gobernador Cuitl\u00e1huac Garc\u00eda hizo un llamado a los \u00f3rganos electorales para investigar y sancionar los hechos.<\/p>\n\n\n\n<p>Durante la conferencia de prensa ofrecida la ma\u00f1ana de este viernes, el ejecutivo del estado exhort\u00f3 a las autoridades del Organismo P\u00fablico Local Electoral (OPLE) y al Instituto Nacional Electoral (INE) en la entidad para que investiguen los hechos y \u201ccuiden\u201d el proceso democr\u00e1tico.<\/p>\n\n\n\n<p>Al respecto precis\u00f3: \u201cPara que no dejen de investigar, se busque la sanci\u00f3n ante la instancia correspondiente por la presunta utilizaci\u00f3n de despensas para coaccionar y comprar el voto, muy lamentable que se haya utilizado un edificio hist\u00f3rico como es la Fortaleza de Perote para guardar despensas\u201d.<\/p>\n\n\n\n<p>\u201cQue aclaren que se proceda\u2026 el exhorto es que a se investigue a fondo\u201d, enfatiz\u00f3.<\/p>\n\n\n\n<p>Cabe recordar que este jueves fueron representantes de Morena ante el OPLE, quienes dieron a conocer que hab\u00edan localizado cerca de 20 mil despensas en la Fortaleza de San Carlos y las cuales presuntamente pertenecen al abanderado de la alianza Veracruz Va.<\/p>\n","protected":false},"excerpt":{"rendered":"<p>Redacci\u00f3n Xalapa, Ver.- Ante las despensas que fueron localizadas en la Fortaleza de San Carlos en el municipio de Perote, el gobernador Cuitl\u00e1huac Garc\u00eda hizo un llamado a los \u00f3rganos electorales para investigar y sancionar los hechos. Durante la conferencia de prensa ofrecida la ma\u00f1ana de este viernes, el ejecutivo del estado exhort\u00f3 a las [&hellip;]<\/p>\n","protected":false},"author":1,"featured_media":13836,"comment_status":"open","ping_status":"open","sticky":false,"template":"","format":"standard","meta":{"_jetpack_memberships_contains_paid_content":false,"footnotes":""},"categories":[8],"tags":[],"class_list":["post-13835","post","type-post","status-publish","format-standard","has-post-thumbnail","hentry","category-region"],"jetpack_featured_media_url":"https:\/\/encuentroinformativo.com.mx\/wp-content\/uploads\/2021\/05\/68BE2FAE-8626-4DFC-A648-4EE8F917D995.jpeg","jetpack_sharing_enabled":true,"jetpack_likes_enabled":true,"amp_enabled":true,"_links":{"self":[{"href":"https:\/\/encuentroinformativo.com.mx\/index.php?rest_route=\/wp\/v2\/posts\/13835","targetHints":{"allow":["GET"]}}],"collection":[{"href":"https:\/\/encuentroinformativo.com.mx\/index.php?rest_route=\/wp\/v2\/posts"}],"about":[{"href":"https:\/\/encuentroinformativo.com.mx\/index.php?rest_route=\/wp\/v2\/types\/post"}],"author":[{"embeddable":true,"href":"https:\/\/encuentroinformativo.com.mx\/index.php?rest_route=\/wp\/v2\/users\/1"}],"replies":[{"embeddable":true,"href":"https:\/\/encuentroinformativo.com.mx\/index.php?rest_route=%2Fwp%2Fv2%2Fcomments&post=13835"}],"version-history":[{"count":1,"href":"https:\/\/encuentroinformativo.com.mx\/index.php?rest_route=\/wp\/v2\/posts\/13835\/revisions"}],"predecessor-version":[{"id":13837,"href":"https:\/\/encuentroinformativo.com.mx\/index.php?rest_route=\/wp\/v2\/posts\/13835\/revisions\/13837"}],"wp:featuredmedia":[{"embeddable":true,"href":"https:\/\/encuentroinformativo.com.mx\/index.php?rest_route=\/wp\/v2\/media\/13836"}],"wp:attachment":[{"href":"https:\/\/encuentroinformativo.com.mx\/index.php?rest_route=%2Fwp%2Fv2%2Fmedia&parent=13835"}],"wp:term":[{"taxonomy":"category","embeddable":true,"href":"https:\/\/encuentroinformativo.com.mx\/index.php?rest_route=%2Fwp%2Fv2%2Fcategories&post=13835"},{"taxonomy":"post_tag","embeddable":true,"href":"https:\/\/encuentroinformativo.com.mx\/index.php?rest_route=%2Fwp%2Fv2%2Ftags&post=13835"}],"curies":[{"name":"wp","href":"https:\/\/api.w.org\/{rel}","templated":true}]}}