{"id":13862,"date":"2021-05-07T16:08:36","date_gmt":"2021-05-07T21:08:36","guid":{"rendered":"https:\/\/encuentroinformativo.com.mx\/?p=13862"},"modified":"2021-05-07T16:08:40","modified_gmt":"2021-05-07T21:08:40","slug":"por-dia-de-las-madres-permitiran-acceso-en-panteon-de-veracruz-puerto","status":"publish","type":"post","link":"https:\/\/encuentroinformativo.com.mx\/?p=13862","title":{"rendered":"Por D\u00eda de las Madres, permitir\u00e1n acceso en pante\u00f3n de Veracruz puerto"},"content":{"rendered":"\n<p><strong>Alejandro \u00c1vila<\/strong><\/p>\n\n\n\n<p>Veracruz, Ver.- Los panteones que se ubican en la ciudad de Veracruz s\u00ed abrir\u00e1n sus puertas este lunes 10 de mayo, para que las personas puedan visitar a sus madres y rendirles tributo; la regidora Rosario Vera, mencion\u00f3 que ya tienen listo el protocolo sanitario que habr\u00e1 ese d\u00eda.<\/p>\n\n\n\n<p>Expuso que a la llegada de los visitantes, en la entrada, se les aplicar\u00e1 gel anti bacterial, de la misma forma a su salida; el acceso ser\u00e1 restringido y por grupos, todos con sus respectivos cubre bocas.<\/p>\n\n\n\n<p>\u201cSolo se les va a permitir el acceso 30 minutos y en horarios de 8 (de la ma\u00f1ana) a una y media; como va a ser de 30 minutos, una media porque a partir de las 2 de la tarde se empiezan las inhumaciones, y por ah\u00ed mismo pues tambi\u00e9n entran lo que es las inhumaciones para las personas de COVID\u201d, expres\u00f3 la edil panista.<\/p>\n\n\n\n<p>Las autoridades municipales siguieren que las personas de la tercera edad y ni\u00f1os no acudan durante estas fechas para evitar alguna situaci\u00f3n de contagio; aunque resalt\u00f3 que se abrir\u00e1n las puertas este fin de semana, es decir, del 8 y 9 de mayo, as\u00ed como el martes 11 de mayo, con la finalidad de que puedan acomodar sus horarios para visitar a su familiar, sin aglomerarse.<\/p>\n\n\n\n<p>\u201cSi llegan y a lo mejor hay mucha gente, pues que digan, mejor regresamos ma\u00f1ana, ellos tienen que ir valorando, a final de cuentas es su propia salud, de ellos\u201d, apunt\u00f3.<\/p>\n\n\n\n<p>La regidora Rosario Vera puntualiz\u00f3 que estas medidas son exclusivamente para el Pante\u00f3n Municipal de Veracruz, pero se le mandar\u00e1n estas recomendaciones al Pante\u00f3n Particular y al Pante\u00f3n Jard\u00edn, y ser\u00e1 su administraci\u00f3n quien decida c\u00f3mo manejar sus ingresos, si es que abre sus recintos.<\/p>\n","protected":false},"excerpt":{"rendered":"<p>Alejandro \u00c1vila Veracruz, Ver.- Los panteones que se ubican en la ciudad de Veracruz s\u00ed abrir\u00e1n sus puertas este lunes 10 de mayo, para que las personas puedan visitar a sus madres y rendirles tributo; la regidora Rosario Vera, mencion\u00f3 que ya tienen listo el protocolo sanitario que habr\u00e1 ese d\u00eda. Expuso que a la [&hellip;]<\/p>\n","protected":false},"author":1,"featured_media":13864,"comment_status":"open","ping_status":"open","sticky":false,"template":"","format":"standard","meta":{"_jetpack_memberships_contains_paid_content":false,"footnotes":""},"categories":[2],"tags":[],"class_list":["post-13862","post","type-post","status-publish","format-standard","has-post-thumbnail","hentry","category-estado"],"jetpack_featured_media_url":"https:\/\/encuentroinformativo.com.mx\/wp-content\/uploads\/2021\/05\/09EE21A7-1E1F-4BAA-B1CA-3C310D6D55B8.jpeg","jetpack_sharing_enabled":true,"jetpack_likes_enabled":true,"amp_enabled":true,"_links":{"self":[{"href":"https:\/\/encuentroinformativo.com.mx\/index.php?rest_route=\/wp\/v2\/posts\/13862","targetHints":{"allow":["GET"]}}],"collection":[{"href":"https:\/\/encuentroinformativo.com.mx\/index.php?rest_route=\/wp\/v2\/posts"}],"about":[{"href":"https:\/\/encuentroinformativo.com.mx\/index.php?rest_route=\/wp\/v2\/types\/post"}],"author":[{"embeddable":true,"href":"https:\/\/encuentroinformativo.com.mx\/index.php?rest_route=\/wp\/v2\/users\/1"}],"replies":[{"embeddable":true,"href":"https:\/\/encuentroinformativo.com.mx\/index.php?rest_route=%2Fwp%2Fv2%2Fcomments&post=13862"}],"version-history":[{"count":1,"href":"https:\/\/encuentroinformativo.com.mx\/index.php?rest_route=\/wp\/v2\/posts\/13862\/revisions"}],"predecessor-version":[{"id":13865,"href":"https:\/\/encuentroinformativo.com.mx\/index.php?rest_route=\/wp\/v2\/posts\/13862\/revisions\/13865"}],"wp:featuredmedia":[{"embeddable":true,"href":"https:\/\/encuentroinformativo.com.mx\/index.php?rest_route=\/wp\/v2\/media\/13864"}],"wp:attachment":[{"href":"https:\/\/encuentroinformativo.com.mx\/index.php?rest_route=%2Fwp%2Fv2%2Fmedia&parent=13862"}],"wp:term":[{"taxonomy":"category","embeddable":true,"href":"https:\/\/encuentroinformativo.com.mx\/index.php?rest_route=%2Fwp%2Fv2%2Fcategories&post=13862"},{"taxonomy":"post_tag","embeddable":true,"href":"https:\/\/encuentroinformativo.com.mx\/index.php?rest_route=%2Fwp%2Fv2%2Ftags&post=13862"}],"curies":[{"name":"wp","href":"https:\/\/api.w.org\/{rel}","templated":true}]}}