{"id":13872,"date":"2021-05-08T14:00:52","date_gmt":"2021-05-08T19:00:52","guid":{"rendered":"https:\/\/encuentroinformativo.com.mx\/?p=13872"},"modified":"2021-05-08T14:00:56","modified_gmt":"2021-05-08T19:00:56","slug":"excluyen-a-personal-administrativo-para-aplicacion-de-vacunas","status":"publish","type":"post","link":"https:\/\/encuentroinformativo.com.mx\/?p=13872","title":{"rendered":"Excluyen a personal administrativo para aplicaci\u00f3n de vacunas"},"content":{"rendered":"\n<p><strong>Dar\u00edo Pale<\/strong><\/p>\n\n\n\n<p>Xalapa, Ver.- Personal de la Jurisdicci\u00f3n Sanitaria N\u00famero V se congregaron afuera de sus oficinas debido a que solo quer\u00edan vacunar al personal m\u00e9dico sin tomar en cuenta a los administrativos lo cual caus\u00f3 inconformidad ya que tambi\u00e9n ellos est\u00e1n expuestos a ser contagiados por el COVID-19.<\/p>\n\n\n\n<p>Entrevistadas afuera de la delegaci\u00f3n Araceli Hern\u00e1ndez y Karina Garrido, se\u00f1alaron que fueron citados desde temprana hora que aplicar\u00edan la vacuna de forma general a\u00a0m\u00e9dicos, enfermeros, nutri\u00f3logos, psic\u00f3logos y personal administrativo fue avisado que se aplicar\u00eda la vacuna Pfizer pero al llegar les formaron que solo se la aplicar\u00edan a los m\u00e9dicos y excluyeron al personal administrativo.<\/p>\n\n\n\n<p>Por lo anterior se molestaron ya que todos valen lo mismo, por lo que exigieron su vacuna ya que desde marzo se supone ya se la deber\u00edan de haber aplicado, alg\u00fan personal estaba bajo resguardo ya que era m\u00e1s factible de ser contagiado por padecer diabetes, ser hipertensos por lo que algunos desde el primero de mayo y otros desde abril los regresaron a sus \u00e1reas de trabajo dejando el resguardo y sin que sean vacunados.<\/p>\n\n\n\n<p>Mucho personal estaba laborando de manera alternada un d\u00eda trabajaba y otro descansaba, otros lo hac\u00edan por semana y a ellos tambi\u00e9n los mandaron a trabajar sus turnos completos, ellos est\u00e1n dispuestos a trabajar lo \u00fanico que est\u00e1n solicitando es que les apliquen la vacuna ya que muchos pacientes llegan contagiados.<\/p>\n\n\n\n<p>Finalmente se\u00f1alaron las trabajadoras administrativas del Hospital Nach\u00f3n fueron avisadas que no ser\u00edan vacunadas, pero posteriormente tambi\u00e9n fueron incluidas.<\/p>\n\n\n\n<figure class=\"wp-block-image size-large\"><img loading=\"lazy\" decoding=\"async\" width=\"750\" height=\"537\" src=\"https:\/\/encuentroinformativo.com.mx\/wp-content\/uploads\/2021\/05\/11A1B622-4B05-421B-9292-27AC580FCA6D.jpeg\" alt=\"\" class=\"wp-image-13874\" srcset=\"https:\/\/encuentroinformativo.com.mx\/wp-content\/uploads\/2021\/05\/11A1B622-4B05-421B-9292-27AC580FCA6D.jpeg 750w, https:\/\/encuentroinformativo.com.mx\/wp-content\/uploads\/2021\/05\/11A1B622-4B05-421B-9292-27AC580FCA6D-300x215.jpeg 300w, https:\/\/encuentroinformativo.com.mx\/wp-content\/uploads\/2021\/05\/11A1B622-4B05-421B-9292-27AC580FCA6D-322x230.jpeg 322w\" sizes=\"auto, (max-width: 750px) 100vw, 750px\" \/><\/figure>\n","protected":false},"excerpt":{"rendered":"<p>Dar\u00edo Pale Xalapa, Ver.- Personal de la Jurisdicci\u00f3n Sanitaria N\u00famero V se congregaron afuera de sus oficinas debido a que solo quer\u00edan vacunar al personal m\u00e9dico sin tomar en cuenta a los administrativos lo cual caus\u00f3 inconformidad ya que tambi\u00e9n ellos est\u00e1n expuestos a ser contagiados por el COVID-19. Entrevistadas afuera de la delegaci\u00f3n Araceli [&hellip;]<\/p>\n","protected":false},"author":1,"featured_media":13873,"comment_status":"open","ping_status":"open","sticky":false,"template":"","format":"standard","meta":{"_jetpack_memberships_contains_paid_content":false,"footnotes":""},"categories":[9],"tags":[],"class_list":["post-13872","post","type-post","status-publish","format-standard","has-post-thumbnail","hentry","category-salud"],"jetpack_featured_media_url":"https:\/\/encuentroinformativo.com.mx\/wp-content\/uploads\/2021\/05\/E2575C7A-2D2C-40B9-870A-6975B1B22122.jpeg","jetpack_sharing_enabled":true,"jetpack_likes_enabled":true,"amp_enabled":true,"_links":{"self":[{"href":"https:\/\/encuentroinformativo.com.mx\/index.php?rest_route=\/wp\/v2\/posts\/13872","targetHints":{"allow":["GET"]}}],"collection":[{"href":"https:\/\/encuentroinformativo.com.mx\/index.php?rest_route=\/wp\/v2\/posts"}],"about":[{"href":"https:\/\/encuentroinformativo.com.mx\/index.php?rest_route=\/wp\/v2\/types\/post"}],"author":[{"embeddable":true,"href":"https:\/\/encuentroinformativo.com.mx\/index.php?rest_route=\/wp\/v2\/users\/1"}],"replies":[{"embeddable":true,"href":"https:\/\/encuentroinformativo.com.mx\/index.php?rest_route=%2Fwp%2Fv2%2Fcomments&post=13872"}],"version-history":[{"count":1,"href":"https:\/\/encuentroinformativo.com.mx\/index.php?rest_route=\/wp\/v2\/posts\/13872\/revisions"}],"predecessor-version":[{"id":13875,"href":"https:\/\/encuentroinformativo.com.mx\/index.php?rest_route=\/wp\/v2\/posts\/13872\/revisions\/13875"}],"wp:featuredmedia":[{"embeddable":true,"href":"https:\/\/encuentroinformativo.com.mx\/index.php?rest_route=\/wp\/v2\/media\/13873"}],"wp:attachment":[{"href":"https:\/\/encuentroinformativo.com.mx\/index.php?rest_route=%2Fwp%2Fv2%2Fmedia&parent=13872"}],"wp:term":[{"taxonomy":"category","embeddable":true,"href":"https:\/\/encuentroinformativo.com.mx\/index.php?rest_route=%2Fwp%2Fv2%2Fcategories&post=13872"},{"taxonomy":"post_tag","embeddable":true,"href":"https:\/\/encuentroinformativo.com.mx\/index.php?rest_route=%2Fwp%2Fv2%2Ftags&post=13872"}],"curies":[{"name":"wp","href":"https:\/\/api.w.org\/{rel}","templated":true}]}}