{"id":13879,"date":"2021-05-08T15:48:47","date_gmt":"2021-05-08T20:48:47","guid":{"rendered":"https:\/\/encuentroinformativo.com.mx\/?p=13879"},"modified":"2021-05-08T15:48:51","modified_gmt":"2021-05-08T20:48:51","slug":"ofrecen-tianguis-agropecuario-para-tlalixcoyan","status":"publish","type":"post","link":"https:\/\/encuentroinformativo.com.mx\/?p=13879","title":{"rendered":"Ofrecen Tianguis Agropecuario para Tlalixcoyan"},"content":{"rendered":"\n<p><strong>Alejandro \u00c1vila<\/strong><\/p>\n\n\n\n<p>Tlalixcoyan, Ver.- Casi el cien por ciento de los ciudadanos de Tlalixcoyan se dedican a la producci\u00f3n agropecuaria, aunque la pandemia y el recorte presupuestal al campo por la actual administraci\u00f3n federal, aunado a la pandemia por COVID-19, complic\u00f3 la situaci\u00f3n de los productores primarios de la zona.<\/p>\n\n\n\n<p>Debido a ello, Elvia Illescas, candidata a la alcald\u00eda de Tlalixcoyan por el PAN, se comprometi\u00f3 a crear el primer Tianguis Agropecuario en el municipio, con la finalidad de explotar la producci\u00f3n local, adem\u00e1s de concretar este evento se realice a\u00fan despu\u00e9s de su administraci\u00f3n.<\/p>\n\n\n\n<p>La actividad preponderante de Tlalixcoyan, resalt\u00f3, es agropecuaria; todas sus localidad son productora de granos, frutas, hortalizas, carne de ganado, porcino y pollo, el n\u00famero de beneficiados con esta acci\u00f3n que se propone es muy alto, y de total beneficio para los tlalixcoyanos.<\/p>\n\n\n\n<p>De esta manera, se genera una&nbsp;oportunidad para el sector agropecuario de conseguir ofertas de productos, para una producci\u00f3n m\u00e1s eficiente.&nbsp;<\/p>\n\n\n\n<p>El subsidio que aportar\u00e1 el Ayuntamiento, aclar\u00f3, depender\u00e1 de los vol\u00famenes de compra; el objetivo es conseguir precios m\u00e1s econ\u00f3micos de equipo y productos.<\/p>\n","protected":false},"excerpt":{"rendered":"<p>Alejandro \u00c1vila Tlalixcoyan, Ver.- Casi el cien por ciento de los ciudadanos de Tlalixcoyan se dedican a la producci\u00f3n agropecuaria, aunque la pandemia y el recorte presupuestal al campo por la actual administraci\u00f3n federal, aunado a la pandemia por COVID-19, complic\u00f3 la situaci\u00f3n de los productores primarios de la zona. Debido a ello, Elvia Illescas, [&hellip;]<\/p>\n","protected":false},"author":1,"featured_media":13880,"comment_status":"open","ping_status":"open","sticky":false,"template":"","format":"standard","meta":{"_jetpack_memberships_contains_paid_content":false,"footnotes":""},"categories":[2],"tags":[],"class_list":["post-13879","post","type-post","status-publish","format-standard","has-post-thumbnail","hentry","category-estado"],"jetpack_featured_media_url":"https:\/\/encuentroinformativo.com.mx\/wp-content\/uploads\/2021\/05\/E5C1D9B7-050A-4852-B3E4-8830E1D5790F.jpeg","jetpack_sharing_enabled":true,"jetpack_likes_enabled":true,"amp_enabled":true,"_links":{"self":[{"href":"https:\/\/encuentroinformativo.com.mx\/index.php?rest_route=\/wp\/v2\/posts\/13879","targetHints":{"allow":["GET"]}}],"collection":[{"href":"https:\/\/encuentroinformativo.com.mx\/index.php?rest_route=\/wp\/v2\/posts"}],"about":[{"href":"https:\/\/encuentroinformativo.com.mx\/index.php?rest_route=\/wp\/v2\/types\/post"}],"author":[{"embeddable":true,"href":"https:\/\/encuentroinformativo.com.mx\/index.php?rest_route=\/wp\/v2\/users\/1"}],"replies":[{"embeddable":true,"href":"https:\/\/encuentroinformativo.com.mx\/index.php?rest_route=%2Fwp%2Fv2%2Fcomments&post=13879"}],"version-history":[{"count":1,"href":"https:\/\/encuentroinformativo.com.mx\/index.php?rest_route=\/wp\/v2\/posts\/13879\/revisions"}],"predecessor-version":[{"id":13881,"href":"https:\/\/encuentroinformativo.com.mx\/index.php?rest_route=\/wp\/v2\/posts\/13879\/revisions\/13881"}],"wp:featuredmedia":[{"embeddable":true,"href":"https:\/\/encuentroinformativo.com.mx\/index.php?rest_route=\/wp\/v2\/media\/13880"}],"wp:attachment":[{"href":"https:\/\/encuentroinformativo.com.mx\/index.php?rest_route=%2Fwp%2Fv2%2Fmedia&parent=13879"}],"wp:term":[{"taxonomy":"category","embeddable":true,"href":"https:\/\/encuentroinformativo.com.mx\/index.php?rest_route=%2Fwp%2Fv2%2Fcategories&post=13879"},{"taxonomy":"post_tag","embeddable":true,"href":"https:\/\/encuentroinformativo.com.mx\/index.php?rest_route=%2Fwp%2Fv2%2Ftags&post=13879"}],"curies":[{"name":"wp","href":"https:\/\/api.w.org\/{rel}","templated":true}]}}