{"id":13882,"date":"2021-05-08T18:46:19","date_gmt":"2021-05-08T23:46:19","guid":{"rendered":"https:\/\/encuentroinformativo.com.mx\/?p=13882"},"modified":"2021-05-08T18:46:22","modified_gmt":"2021-05-08T23:46:22","slug":"por-10-de-mayo-abriran-cementerios-en-xalapa","status":"publish","type":"post","link":"https:\/\/encuentroinformativo.com.mx\/?p=13882","title":{"rendered":"Por 10 de Mayo, abrir\u00e1n cementerios en Xalapa"},"content":{"rendered":"\n<p><strong>Dar\u00edo Pale <\/strong><\/p>\n\n\n\n<p>Xalapa, Ver.- Debido a que est\u00e1 pr\u00f3ximo el festejo del d\u00eda de las madres y en la capital del estado\u00a0se mantiene en color amarillo y Veracruz sigue en verde en el sem\u00e1foro epidemiol\u00f3gico, el pante\u00f3n xalape\u00f1o permanecer\u00e1 abierto para recibir a los visitantes.<\/p>\n\n\n\n<p>En entrevista\u00a0Viviana Luna, de la administraci\u00f3n de este pante\u00f3n dio a conocer que desde este fin de semana previo al 10 de mayo llegaron personas de distintas edades y en pocas cantidades.<\/p>\n\n\n\n<p>\u201cNo sabemos qu\u00e9 tanta afluencia vaya a haber el mero d\u00eda y aprovechando que lo abrieron, estamos aqu\u00ed, un a\u00f1o m\u00e1s o menos que no se abr\u00eda el pante\u00f3n, ahorita venimos nosotros, despu\u00e9s vendr\u00e1n otros y as\u00ed ya no venimos en masa\u201d, comentaron algunos visitantes.<\/p>\n\n\n\n<p>Si bien, no se reunir\u00e1n las familias completas como se acostumbraba, los hijos celebraron poder visitar las tumbas de sus mam\u00e1s este a\u00f1o, dicho\u00a0pante\u00f3n ubicado en la avenida Xalapa, es uno de los m\u00e1s antiguos, por lo que se espera que sea muy visitado este 10 de mayo.<\/p>\n\n\n\n<p>\u201cAhorita ya empieza a llegar mucha gente todav\u00eda que no tiene conocimiento, todav\u00eda preguntan y desde d\u00edas antes han venido a preguntar y se puede acceder\u201d se\u00f1al\u00f3.<\/p>\n\n\n\n<p>Finalmente inform\u00f3 que de 8 de la ma\u00f1ana a 5 de la tarde, dicho cementerio administrado por la Secretar\u00eda de Salud permanecer\u00e1 abierto durante los pr\u00f3ximos d\u00edas.<\/p>\n","protected":false},"excerpt":{"rendered":"<p>Dar\u00edo Pale Xalapa, Ver.- Debido a que est\u00e1 pr\u00f3ximo el festejo del d\u00eda de las madres y en la capital del estado\u00a0se mantiene en color amarillo y Veracruz sigue en verde en el sem\u00e1foro epidemiol\u00f3gico, el pante\u00f3n xalape\u00f1o permanecer\u00e1 abierto para recibir a los visitantes. En entrevista\u00a0Viviana Luna, de la administraci\u00f3n de este pante\u00f3n dio [&hellip;]<\/p>\n","protected":false},"author":1,"featured_media":13883,"comment_status":"open","ping_status":"open","sticky":false,"template":"","format":"standard","meta":{"_jetpack_memberships_contains_paid_content":false,"footnotes":""},"categories":[3],"tags":[],"class_list":["post-13882","post","type-post","status-publish","format-standard","has-post-thumbnail","hentry","category-xalapa"],"jetpack_featured_media_url":"https:\/\/encuentroinformativo.com.mx\/wp-content\/uploads\/2021\/05\/5C8910B8-DE00-47A3-98A0-E6C5ABE2A76A.jpeg","jetpack_sharing_enabled":true,"jetpack_likes_enabled":true,"amp_enabled":true,"_links":{"self":[{"href":"https:\/\/encuentroinformativo.com.mx\/index.php?rest_route=\/wp\/v2\/posts\/13882","targetHints":{"allow":["GET"]}}],"collection":[{"href":"https:\/\/encuentroinformativo.com.mx\/index.php?rest_route=\/wp\/v2\/posts"}],"about":[{"href":"https:\/\/encuentroinformativo.com.mx\/index.php?rest_route=\/wp\/v2\/types\/post"}],"author":[{"embeddable":true,"href":"https:\/\/encuentroinformativo.com.mx\/index.php?rest_route=\/wp\/v2\/users\/1"}],"replies":[{"embeddable":true,"href":"https:\/\/encuentroinformativo.com.mx\/index.php?rest_route=%2Fwp%2Fv2%2Fcomments&post=13882"}],"version-history":[{"count":1,"href":"https:\/\/encuentroinformativo.com.mx\/index.php?rest_route=\/wp\/v2\/posts\/13882\/revisions"}],"predecessor-version":[{"id":13884,"href":"https:\/\/encuentroinformativo.com.mx\/index.php?rest_route=\/wp\/v2\/posts\/13882\/revisions\/13884"}],"wp:featuredmedia":[{"embeddable":true,"href":"https:\/\/encuentroinformativo.com.mx\/index.php?rest_route=\/wp\/v2\/media\/13883"}],"wp:attachment":[{"href":"https:\/\/encuentroinformativo.com.mx\/index.php?rest_route=%2Fwp%2Fv2%2Fmedia&parent=13882"}],"wp:term":[{"taxonomy":"category","embeddable":true,"href":"https:\/\/encuentroinformativo.com.mx\/index.php?rest_route=%2Fwp%2Fv2%2Fcategories&post=13882"},{"taxonomy":"post_tag","embeddable":true,"href":"https:\/\/encuentroinformativo.com.mx\/index.php?rest_route=%2Fwp%2Fv2%2Ftags&post=13882"}],"curies":[{"name":"wp","href":"https:\/\/api.w.org\/{rel}","templated":true}]}}