{"id":13885,"date":"2021-05-08T18:54:53","date_gmt":"2021-05-08T23:54:53","guid":{"rendered":"https:\/\/encuentroinformativo.com.mx\/?p=13885"},"modified":"2021-05-08T18:55:17","modified_gmt":"2021-05-08T23:55:17","slug":"realizan-marcha-por-dia-de-liberacion-de-la-marihuana","status":"publish","type":"post","link":"https:\/\/encuentroinformativo.com.mx\/?p=13885","title":{"rendered":"Realizan marcha por d\u00eda de liberaci\u00f3n de la marihuana"},"content":{"rendered":"\n<p><strong>Dar\u00edo Pale<\/strong><\/p>\n\n\n\n<p>Xalapa, Ver.- La bi\u00f3loga Mar\u00eda Fernanda Alvizar representante del Colectivo Cannabico Interdisciplinario Mexicano y la Subcomunidad Cannabico de Xalapa, realizaron una marcha por el d\u00eda mundial de la liberaci\u00f3n de la marihuana y dar informaci\u00f3n a la ciudadan\u00eda sobre el consumo de esta substancia.<\/p>\n\n\n\n<p>Entrevistada previo a la marcha se\u00f1al\u00f3 que esto no representa que puedan fumar en la calle, ya que engloba un mundo de cosas que van desde lo medicinal hasta cuestiones que pueden dejar una derrama econ\u00f3mica a las comunidades m\u00e1s rezagadas, al igual que ser\u00eda una cuesti\u00f3n de derechos humanos que engloba a los usuarios medicinales y los l\u00fadicos, por lo que se reunieron con el objetivo de manifestar sus exigencias de una manera pac\u00edfica.<\/p>\n\n\n\n<p>Lo anterior con la finalidad de demostrar que no son lo que muchas personas piensan,ya que son personas responsables y organizadas y para la marcha hicieron diferentes contingentes uno para basura, otro para dar agua, adem\u00e1s de que hicieron recomendaciones muy espec\u00edficas y tienen una tolerancia con la polic\u00eda, para que poco a poco se cambie la visi\u00f3n que se tiene de estas personas usuarias del canabis.<\/p>\n\n\n\n<p>En cuanto a la iniciativa que hab\u00edan presentado algunos diputados coment\u00f3 que es dif\u00edcil ya que no quieren quedar mal con nadie ya que es dif\u00edcil cambiar algo que tiene tantos a\u00f1os que esta prohibido y por darle gusto a unos pocos muchos pueden salir peleados con otros, adem\u00e1s de. Las cuestiones pol\u00edticas y econ\u00f3micas ellos no tienen porque pagarlo.<\/p>\n\n\n\n<p>Se\u00f1al\u00f3 que ser\u00eda ideal tener un registro para que sean tomados en cuenta para que poco a poco este saliendo a la luz que muchos profesionistas son consumidores y son personas productivas y llevan a cabo sus labores profesionales de la mejor manera.<\/p>\n\n\n\n<p>Finalmente dio a conocer que debido a tantos a\u00f1os de prohibici\u00f3n que existe por la creencia de que es algo que mata cuando est\u00e1 comprobado cient\u00edficamente que no puede matar a nadie con una cantidad posible de ingerir o de fumar, ya que no solo. Se puede fumar tambi\u00e9n hay vaporizaciones y muchos m\u00e9todos pero no es para invitar a las personas a que la consuman si no para que conozcan y se informe sobre un consumo responsable y los beneficios que puede dejarles en todo el pa\u00eds.<\/p>\n\n\n\n<figure class=\"wp-block-image size-large\"><img loading=\"lazy\" decoding=\"async\" width=\"1024\" height=\"768\" src=\"https:\/\/encuentroinformativo.com.mx\/wp-content\/uploads\/2021\/05\/E1C658F3-6D73-44E1-9325-D85583A6D3AD-1024x768.jpeg\" alt=\"\" class=\"wp-image-13887\" srcset=\"https:\/\/encuentroinformativo.com.mx\/wp-content\/uploads\/2021\/05\/E1C658F3-6D73-44E1-9325-D85583A6D3AD-1024x768.jpeg 1024w, https:\/\/encuentroinformativo.com.mx\/wp-content\/uploads\/2021\/05\/E1C658F3-6D73-44E1-9325-D85583A6D3AD-300x225.jpeg 300w, https:\/\/encuentroinformativo.com.mx\/wp-content\/uploads\/2021\/05\/E1C658F3-6D73-44E1-9325-D85583A6D3AD-768x576.jpeg 768w, https:\/\/encuentroinformativo.com.mx\/wp-content\/uploads\/2021\/05\/E1C658F3-6D73-44E1-9325-D85583A6D3AD.jpeg 1280w\" sizes=\"auto, (max-width: 1024px) 100vw, 1024px\" \/><\/figure>\n","protected":false},"excerpt":{"rendered":"<p>Dar\u00edo Pale Xalapa, Ver.- La bi\u00f3loga Mar\u00eda Fernanda Alvizar representante del Colectivo Cannabico Interdisciplinario Mexicano y la Subcomunidad Cannabico de Xalapa, realizaron una marcha por el d\u00eda mundial de la liberaci\u00f3n de la marihuana y dar informaci\u00f3n a la ciudadan\u00eda sobre el consumo de esta substancia. Entrevistada previo a la marcha se\u00f1al\u00f3 que esto no [&hellip;]<\/p>\n","protected":false},"author":1,"featured_media":13886,"comment_status":"open","ping_status":"open","sticky":false,"template":"","format":"standard","meta":{"_jetpack_memberships_contains_paid_content":false,"footnotes":""},"categories":[3],"tags":[],"class_list":["post-13885","post","type-post","status-publish","format-standard","has-post-thumbnail","hentry","category-xalapa"],"jetpack_featured_media_url":"https:\/\/encuentroinformativo.com.mx\/wp-content\/uploads\/2021\/05\/BD78C3B5-261C-46E3-81BB-D7F7CBE4ED71.jpeg","jetpack_sharing_enabled":true,"jetpack_likes_enabled":true,"amp_enabled":true,"_links":{"self":[{"href":"https:\/\/encuentroinformativo.com.mx\/index.php?rest_route=\/wp\/v2\/posts\/13885","targetHints":{"allow":["GET"]}}],"collection":[{"href":"https:\/\/encuentroinformativo.com.mx\/index.php?rest_route=\/wp\/v2\/posts"}],"about":[{"href":"https:\/\/encuentroinformativo.com.mx\/index.php?rest_route=\/wp\/v2\/types\/post"}],"author":[{"embeddable":true,"href":"https:\/\/encuentroinformativo.com.mx\/index.php?rest_route=\/wp\/v2\/users\/1"}],"replies":[{"embeddable":true,"href":"https:\/\/encuentroinformativo.com.mx\/index.php?rest_route=%2Fwp%2Fv2%2Fcomments&post=13885"}],"version-history":[{"count":1,"href":"https:\/\/encuentroinformativo.com.mx\/index.php?rest_route=\/wp\/v2\/posts\/13885\/revisions"}],"predecessor-version":[{"id":13888,"href":"https:\/\/encuentroinformativo.com.mx\/index.php?rest_route=\/wp\/v2\/posts\/13885\/revisions\/13888"}],"wp:featuredmedia":[{"embeddable":true,"href":"https:\/\/encuentroinformativo.com.mx\/index.php?rest_route=\/wp\/v2\/media\/13886"}],"wp:attachment":[{"href":"https:\/\/encuentroinformativo.com.mx\/index.php?rest_route=%2Fwp%2Fv2%2Fmedia&parent=13885"}],"wp:term":[{"taxonomy":"category","embeddable":true,"href":"https:\/\/encuentroinformativo.com.mx\/index.php?rest_route=%2Fwp%2Fv2%2Fcategories&post=13885"},{"taxonomy":"post_tag","embeddable":true,"href":"https:\/\/encuentroinformativo.com.mx\/index.php?rest_route=%2Fwp%2Fv2%2Ftags&post=13885"}],"curies":[{"name":"wp","href":"https:\/\/api.w.org\/{rel}","templated":true}]}}