{"id":13892,"date":"2021-05-09T12:25:21","date_gmt":"2021-05-09T17:25:21","guid":{"rendered":"https:\/\/encuentroinformativo.com.mx\/?p=13892"},"modified":"2021-05-09T12:25:25","modified_gmt":"2021-05-09T17:25:25","slug":"con-protesta-medicos-reclaman-ser-vacunados","status":"publish","type":"post","link":"https:\/\/encuentroinformativo.com.mx\/?p=13892","title":{"rendered":"Con protesta, m\u00e9dicos reclaman ser vacunados"},"content":{"rendered":"\n<p><strong>Juan Arcos <\/strong><\/p>\n\n\n\n<p>Xalapa, Ver.- Personal m\u00e9dico de instituciones p\u00fablicas y privadas march\u00f3 nuevamente en la ciudad de Xalapa, para denunciar que a\u00fan no han sido vacunados contra el SARS-COV-2 (COVID-19) m\u00e1s de cinco mil trabajadores del ramo en el estado de Veracruz.<\/p>\n\n\n\n<p>M\u00e9dicos, enfermeras, param\u00e9dicos, camilleros y dem\u00e1s empleados del Sector Salud se concentraron en el Centro Estatal de Cancerolog\u00eda \u201cDoctor Miguel Dorantes Mesa\u201d, para posteriormente caminar varios kilometros y protestar frente a Palacio de Gobierno, bloqueando la calle Juan de la Luz Enr\u00edquez.<\/p>\n\n\n\n<p>De acuerdo con Daniel Chan V\u00e1zquez, presidente de la Sociedad de Pediatr\u00eda de Xalapa, entre 15 y 20 trabajadores de la capital del estado han ganado amparos para acceder a la dosis.<\/p>\n\n\n\n<p>\u201cAlgunas personas de nuestro gremio se han tenido que amparar y desafortunadamente solo por ese medio se han podido vacunar\u201d.\u00a0<\/p>\n\n\n\n<p>El entrevistado se\u00f1al\u00f3 que s\u00f3lo en la ciudad de Xalapa hay m\u00e1s de mil empleados que no han sido inmunizados y, algunos de ellos, contin\u00faan atendiendo, de manera directa, a pacientes con coronavirus<\/p>\n\n\n\n<p>\u201cSomos el 20 o 30 por ciento de la poblaci\u00f3n m\u00e9dica y personal param\u00e9dico que hace falta la vacunaci\u00f3n, nosotros estamos en plena disposici\u00f3n para estar en contacto con las autoridades y, repito, no estamos en contra de ellos, solamente estamos exigiendo, pidiendo, uno de los derechos que tenemos\u201d.<\/p>\n\n\n\n<p>El m\u00e9dico pediatra del Instituto Mexicano del Seguro Social (IMSS) indic\u00f3 que se han llevado a cabo manifestaciones de manera escalonada en distintos estados de la Rep\u00fablica por el mismo motivo.<\/p>\n\n\n\n<p>Record\u00f3 que en esta marcha participaron miembros de 16 colegios de personal m\u00e9dico, quienes prev\u00e9n un tercer rebrote de COVID-19 por la aglomeraci\u00f3n de personas y concentraciones masivas que ocasion\u00f3 el candidato morenista a la alcald\u00eda de Xalapa, Ricardo Ahued Bardahuil, esta ma\u00f1ana, donde participaron al menos dos mil de sus seguidores.<\/p>\n\n\n\n<p>\u201cEsta gente que no guard\u00f3 la debida distancia, si no tuvieron las medidas higi\u00e9nicas adecuadas se van a contagiar, entonces, somos nosotros los que tenemos que dar la cara por ellos y por eso estamos aqu\u00ed\u201d, agreg\u00f3 Chan V\u00e1zquez.<\/p>\n\n\n\n<p>Los inconformes amagaron con seguir manifest\u00e1ndose en la capital de Veracruz para ser inmunizados y garantizar su seguridad y la de sus familias.<\/p>\n","protected":false},"excerpt":{"rendered":"<p>Juan Arcos Xalapa, Ver.- Personal m\u00e9dico de instituciones p\u00fablicas y privadas march\u00f3 nuevamente en la ciudad de Xalapa, para denunciar que a\u00fan no han sido vacunados contra el SARS-COV-2 (COVID-19) m\u00e1s de cinco mil trabajadores del ramo en el estado de Veracruz. M\u00e9dicos, enfermeras, param\u00e9dicos, camilleros y dem\u00e1s empleados del Sector Salud se concentraron en [&hellip;]<\/p>\n","protected":false},"author":1,"featured_media":13893,"comment_status":"open","ping_status":"open","sticky":false,"template":"","format":"standard","meta":{"_jetpack_memberships_contains_paid_content":false,"footnotes":""},"categories":[9],"tags":[],"class_list":["post-13892","post","type-post","status-publish","format-standard","has-post-thumbnail","hentry","category-salud"],"jetpack_featured_media_url":"https:\/\/encuentroinformativo.com.mx\/wp-content\/uploads\/2021\/05\/8511D141-738B-4694-8737-6ADF91D1FA29.jpeg","jetpack_sharing_enabled":true,"jetpack_likes_enabled":true,"amp_enabled":true,"_links":{"self":[{"href":"https:\/\/encuentroinformativo.com.mx\/index.php?rest_route=\/wp\/v2\/posts\/13892","targetHints":{"allow":["GET"]}}],"collection":[{"href":"https:\/\/encuentroinformativo.com.mx\/index.php?rest_route=\/wp\/v2\/posts"}],"about":[{"href":"https:\/\/encuentroinformativo.com.mx\/index.php?rest_route=\/wp\/v2\/types\/post"}],"author":[{"embeddable":true,"href":"https:\/\/encuentroinformativo.com.mx\/index.php?rest_route=\/wp\/v2\/users\/1"}],"replies":[{"embeddable":true,"href":"https:\/\/encuentroinformativo.com.mx\/index.php?rest_route=%2Fwp%2Fv2%2Fcomments&post=13892"}],"version-history":[{"count":1,"href":"https:\/\/encuentroinformativo.com.mx\/index.php?rest_route=\/wp\/v2\/posts\/13892\/revisions"}],"predecessor-version":[{"id":13894,"href":"https:\/\/encuentroinformativo.com.mx\/index.php?rest_route=\/wp\/v2\/posts\/13892\/revisions\/13894"}],"wp:featuredmedia":[{"embeddable":true,"href":"https:\/\/encuentroinformativo.com.mx\/index.php?rest_route=\/wp\/v2\/media\/13893"}],"wp:attachment":[{"href":"https:\/\/encuentroinformativo.com.mx\/index.php?rest_route=%2Fwp%2Fv2%2Fmedia&parent=13892"}],"wp:term":[{"taxonomy":"category","embeddable":true,"href":"https:\/\/encuentroinformativo.com.mx\/index.php?rest_route=%2Fwp%2Fv2%2Fcategories&post=13892"},{"taxonomy":"post_tag","embeddable":true,"href":"https:\/\/encuentroinformativo.com.mx\/index.php?rest_route=%2Fwp%2Fv2%2Ftags&post=13892"}],"curies":[{"name":"wp","href":"https:\/\/api.w.org\/{rel}","templated":true}]}}