{"id":13895,"date":"2021-05-09T14:29:08","date_gmt":"2021-05-09T19:29:08","guid":{"rendered":"https:\/\/encuentroinformativo.com.mx\/?p=13895"},"modified":"2021-05-09T14:29:13","modified_gmt":"2021-05-09T19:29:13","slug":"por-covid-mueren-179-veracruzanos-en-estados-unidos","status":"publish","type":"post","link":"https:\/\/encuentroinformativo.com.mx\/?p=13895","title":{"rendered":"Por Covid, mueren 179 veracruzanos en Estados Unidos"},"content":{"rendered":"\n<p><strong>Juan Arcos <\/strong><\/p>\n\n\n\n<p>Xalapa, Ver.- Un total de 179 veracruzanos han muerto en Estados Unidos por SARS-COV-2 (COVID-19), durante el tiempo que va de la pandemia, revel\u00f3 el director de Atenci\u00f3n a Migrantes en Veracruz, Carlos Enrique Escalante Igual.<\/p>\n\n\n\n<p>El funcionario estatal detall\u00f3 que la cifra es con base en el n\u00famero de solicitudes que han realizado las familias para la repatriaci\u00f3n de las v\u00edctimas.<\/p>\n\n\n\n<p>Sin embargo, destac\u00f3 que el n\u00famero de veracruzanos fallecidos en el pa\u00eds vecino podr\u00eda ser mayor, toda vez que algunos son incinerados en la Uni\u00f3n Americana, al tratarse de residentes debidamente establecidos en ese pa\u00eds.<\/p>\n\n\n\n<p>\u201cMuchos veracruzanos ya viven all\u00e1, est\u00e1n debidamente establecidos y cuando fallecen por estas causas pues ya no le hablan a su gobierno para que les ayude\u201d, enfatiz\u00f3.<br>Escalante Igual se\u00f1al\u00f3 que el n\u00famero de veracruzanos contagiados ha disminuido de manera considerable, debido a la aplicaci\u00f3n de la vacuna contra COVID-19.<\/p>\n\n\n\n<p>\u201cEn las \u00faltimas actualizaciones ha aumentado dos personas m\u00e1s en los \u00faltimos quince d\u00edas, significa que posiblemente en los Estados Unidos ya est\u00e9n controlando mucho esto del COVID-19\u201d.<\/p>\n\n\n\n<p>El Director de Atenci\u00f3n a Migrantes indic\u00f3 que la repatriaci\u00f3n de los cuerpos de algunos veracruzanos no se ha podido realizar, debido a que se mantienen ciertas restricciones internacionales.<\/p>\n\n\n\n<p>\u201cEn Estados Unidos est\u00e1n tomando en cuenta a todas las personas, ya sea que est\u00e9n de manera legal o ilegal en ese pa\u00eds, si tienen la posibilidad de aplicar la vacuna, lo est\u00e1n haciendo\u201d, remat\u00f3 Escalante Igual.<\/p>\n","protected":false},"excerpt":{"rendered":"<p>Juan Arcos Xalapa, Ver.- Un total de 179 veracruzanos han muerto en Estados Unidos por SARS-COV-2 (COVID-19), durante el tiempo que va de la pandemia, revel\u00f3 el director de Atenci\u00f3n a Migrantes en Veracruz, Carlos Enrique Escalante Igual. El funcionario estatal detall\u00f3 que la cifra es con base en el n\u00famero de solicitudes que han [&hellip;]<\/p>\n","protected":false},"author":1,"featured_media":13896,"comment_status":"open","ping_status":"open","sticky":false,"template":"","format":"standard","meta":{"_jetpack_memberships_contains_paid_content":false,"footnotes":""},"categories":[13],"tags":[],"class_list":["post-13895","post","type-post","status-publish","format-standard","has-post-thumbnail","hentry","category-internacional"],"jetpack_featured_media_url":"https:\/\/encuentroinformativo.com.mx\/wp-content\/uploads\/2021\/05\/97B751FA-9B80-44BA-A04D-704883D1CCA2.jpeg","jetpack_sharing_enabled":true,"jetpack_likes_enabled":true,"amp_enabled":true,"_links":{"self":[{"href":"https:\/\/encuentroinformativo.com.mx\/index.php?rest_route=\/wp\/v2\/posts\/13895","targetHints":{"allow":["GET"]}}],"collection":[{"href":"https:\/\/encuentroinformativo.com.mx\/index.php?rest_route=\/wp\/v2\/posts"}],"about":[{"href":"https:\/\/encuentroinformativo.com.mx\/index.php?rest_route=\/wp\/v2\/types\/post"}],"author":[{"embeddable":true,"href":"https:\/\/encuentroinformativo.com.mx\/index.php?rest_route=\/wp\/v2\/users\/1"}],"replies":[{"embeddable":true,"href":"https:\/\/encuentroinformativo.com.mx\/index.php?rest_route=%2Fwp%2Fv2%2Fcomments&post=13895"}],"version-history":[{"count":1,"href":"https:\/\/encuentroinformativo.com.mx\/index.php?rest_route=\/wp\/v2\/posts\/13895\/revisions"}],"predecessor-version":[{"id":13897,"href":"https:\/\/encuentroinformativo.com.mx\/index.php?rest_route=\/wp\/v2\/posts\/13895\/revisions\/13897"}],"wp:featuredmedia":[{"embeddable":true,"href":"https:\/\/encuentroinformativo.com.mx\/index.php?rest_route=\/wp\/v2\/media\/13896"}],"wp:attachment":[{"href":"https:\/\/encuentroinformativo.com.mx\/index.php?rest_route=%2Fwp%2Fv2%2Fmedia&parent=13895"}],"wp:term":[{"taxonomy":"category","embeddable":true,"href":"https:\/\/encuentroinformativo.com.mx\/index.php?rest_route=%2Fwp%2Fv2%2Fcategories&post=13895"},{"taxonomy":"post_tag","embeddable":true,"href":"https:\/\/encuentroinformativo.com.mx\/index.php?rest_route=%2Fwp%2Fv2%2Ftags&post=13895"}],"curies":[{"name":"wp","href":"https:\/\/api.w.org\/{rel}","templated":true}]}}