{"id":13898,"date":"2021-05-09T17:59:04","date_gmt":"2021-05-09T22:59:04","guid":{"rendered":"https:\/\/encuentroinformativo.com.mx\/?p=13898"},"modified":"2021-05-09T17:59:08","modified_gmt":"2021-05-09T22:59:08","slug":"sin-condiciones-para-retornar-a-clases-presenciales-afirman-pediatras","status":"publish","type":"post","link":"https:\/\/encuentroinformativo.com.mx\/?p=13898","title":{"rendered":"Sin condiciones para retornar a clases presenciales, afirman pediatras"},"content":{"rendered":"\n<p><strong>Juan Arcos<\/strong><\/p>\n\n\n\n<p>Xalapa, Ver.- El presidente de la Asociaci\u00f3n de Pediatr\u00eda de Xalapa, Daniel Chan V\u00e1zquez, neg\u00f3 que haya condiciones sanitarias para el regreso a clases presenciales el pr\u00f3ximo 24 de mayo en el estado de Veracruz, como lo anunci\u00f3 el gobierno estatal.<\/p>\n\n\n\n<p>El m\u00e9dico pediatra se\u00f1al\u00f3 que no debe exponerse a la comunidad estudiantil ante un posible contagio masivo de coronavirus.<\/p>\n\n\n\n<p>\u201cNo es conveniente, no es prudente que los ni\u00f1os regresen a clases presenciales, porque el riesgo de infecci\u00f3n est\u00e1 latente. Desafortunadamente vamos a ver el fin de semana mucha aglomeraci\u00f3n por el d\u00eda de las madres y esperar 15 a 20 d\u00edas alg\u00fan brote de COVID en nuestras instituciones\u201d.<\/p>\n\n\n\n<p>El entrevistado tambi\u00e9n coment\u00f3 que han sido notorias las aglomeraciones por las campa\u00f1as electorales desde el pasado 4 de mayo y posiblemente se registre un rebrote de COVID-19 en la entidad.<\/p>\n\n\n\n<p>En ese sentido, consider\u00f3 que las ni\u00f1as y los ni\u00f1os no est\u00e1n exentos de contagios, toda vez que hasta el momento no hay vacunas para este sector de la poblaci\u00f3n.<\/p>\n\n\n\n<p>El m\u00e9dico del Instituto Mexicano del Seguro Social (IMSS) indic\u00f3 que es necesario esperar al siguiente ciclo escolar para reducir las probabilidades de infecci\u00f3n en los espacios educativos.<\/p>\n\n\n\n<p>\u201cDesafortunadamente los ni\u00f1os no est\u00e1n exentos y un problema que tenemos con los ni\u00f1os es que no est\u00e1n exentos, porque no hay vacuna para ellos, est\u00e1n desprotegidos\u201d.<\/p>\n\n\n\n<p>Record\u00f3 que las madres y padres de familia han hecho un buen trabajo, aplicando las medidas sanitarias, para evitar contagios en los peque\u00f1os.<\/p>\n","protected":false},"excerpt":{"rendered":"<p>Juan Arcos Xalapa, Ver.- El presidente de la Asociaci\u00f3n de Pediatr\u00eda de Xalapa, Daniel Chan V\u00e1zquez, neg\u00f3 que haya condiciones sanitarias para el regreso a clases presenciales el pr\u00f3ximo 24 de mayo en el estado de Veracruz, como lo anunci\u00f3 el gobierno estatal. El m\u00e9dico pediatra se\u00f1al\u00f3 que no debe exponerse a la comunidad estudiantil [&hellip;]<\/p>\n","protected":false},"author":1,"featured_media":13899,"comment_status":"open","ping_status":"open","sticky":false,"template":"","format":"standard","meta":{"_jetpack_memberships_contains_paid_content":false,"footnotes":""},"categories":[9],"tags":[],"class_list":["post-13898","post","type-post","status-publish","format-standard","has-post-thumbnail","hentry","category-salud"],"jetpack_featured_media_url":"https:\/\/encuentroinformativo.com.mx\/wp-content\/uploads\/2021\/05\/9512AB7E-BC8E-4D52-8126-DBA0731868AF.jpeg","jetpack_sharing_enabled":true,"jetpack_likes_enabled":true,"amp_enabled":true,"_links":{"self":[{"href":"https:\/\/encuentroinformativo.com.mx\/index.php?rest_route=\/wp\/v2\/posts\/13898","targetHints":{"allow":["GET"]}}],"collection":[{"href":"https:\/\/encuentroinformativo.com.mx\/index.php?rest_route=\/wp\/v2\/posts"}],"about":[{"href":"https:\/\/encuentroinformativo.com.mx\/index.php?rest_route=\/wp\/v2\/types\/post"}],"author":[{"embeddable":true,"href":"https:\/\/encuentroinformativo.com.mx\/index.php?rest_route=\/wp\/v2\/users\/1"}],"replies":[{"embeddable":true,"href":"https:\/\/encuentroinformativo.com.mx\/index.php?rest_route=%2Fwp%2Fv2%2Fcomments&post=13898"}],"version-history":[{"count":1,"href":"https:\/\/encuentroinformativo.com.mx\/index.php?rest_route=\/wp\/v2\/posts\/13898\/revisions"}],"predecessor-version":[{"id":13900,"href":"https:\/\/encuentroinformativo.com.mx\/index.php?rest_route=\/wp\/v2\/posts\/13898\/revisions\/13900"}],"wp:featuredmedia":[{"embeddable":true,"href":"https:\/\/encuentroinformativo.com.mx\/index.php?rest_route=\/wp\/v2\/media\/13899"}],"wp:attachment":[{"href":"https:\/\/encuentroinformativo.com.mx\/index.php?rest_route=%2Fwp%2Fv2%2Fmedia&parent=13898"}],"wp:term":[{"taxonomy":"category","embeddable":true,"href":"https:\/\/encuentroinformativo.com.mx\/index.php?rest_route=%2Fwp%2Fv2%2Fcategories&post=13898"},{"taxonomy":"post_tag","embeddable":true,"href":"https:\/\/encuentroinformativo.com.mx\/index.php?rest_route=%2Fwp%2Fv2%2Ftags&post=13898"}],"curies":[{"name":"wp","href":"https:\/\/api.w.org\/{rel}","templated":true}]}}