{"id":13902,"date":"2021-05-10T09:39:46","date_gmt":"2021-05-10T14:39:46","guid":{"rendered":"https:\/\/encuentroinformativo.com.mx\/?p=13902"},"modified":"2021-05-10T09:39:50","modified_gmt":"2021-05-10T14:39:50","slug":"mujeres-en-movimiento","status":"publish","type":"post","link":"https:\/\/encuentroinformativo.com.mx\/?p=13902","title":{"rendered":"Mujeres en Movimiento"},"content":{"rendered":"\n<p><strong>N\u00fameros Rojos<\/strong><\/p>\n\n\n\n<p><strong>Brenda Caballero<\/strong><\/p>\n\n\n\n<p>Corr\u00eda el a\u00f1o 2006 cuando su lema \u201cPalabra de Mujer\u201d son\u00f3 en el pa\u00eds. Patricia Mercado Castro era la \u00fanica candidata a la Presidencia de M\u00e9xico por el partido Alternativa Socialdem\u00f3crata y Campesina (PASC) y la cuarta en la historia de M\u00e9xico en buscar este cargo. Fue Rosario Ibarra de Piedra la primera candidata del Partido Revolucionario de los Trabajadores (PRT) en 1982; Marcela Lombardo, del Partido Popular Socialista y Cecilia Soto, por el Partido del Trabajo (PT), ambas en 1994.<\/p>\n\n\n\n<p>Patricia tra\u00eda una agenda de mujeres que en ese entonces ninguno de los otros candidatos contemplaba: apoyo al acceso al aborto legal, la igualdad de g\u00e9nero y la diversidad sexual, agenda que sigue manteniendo e impulsando desde su curul en el Senado.&nbsp;<\/p>\n\n\n\n<p>Este fin de semana, la senadora por Movimiento Ciudadano estuvo en Xalapa apoyando y empoderando a las candidatas y candidatos de su partido. Considera que en la C\u00e1mara Alta y Baja actualmente hay mucho impulso para las mujeres; han aprobado muchas iniciativas hasta llevarlas a ser Ley, como la paridad en todo, la igualdad salarial, la ampliaci\u00f3n de la licencia de paternidad, la ley que protege a las trabajadoras del hogar, leyes para que las mujeres vivan libres de violencia&#8230; todas ellas para proteger sus derechos y aunque a\u00fan falta, considera que en esta Legislatura se ha dado un gran avance.<\/p>\n\n\n\n<p>Resalta que es un trabajo de mujeres, sin colores partidistas, sin embargo considera que para este proceso electoral no debe llevarse a cualquier mujer, por tener cuerpo de mujer, \u201cya ganamos la paridad, ahora deben ser mujeres feministas\u201d.<\/p>\n\n\n\n<p>Patricia record\u00f3 que al igual que muchas mujeres, dentro de la pol\u00edtica sufri\u00f3 violencia, precisamente cuando fue candidata a la presidencia, \u201cno quieren a mujeres porque no traen dinero\u201d; incluso dec\u00edan que su participaci\u00f3n en ese entonces era para quitarle votos a AMLO.&nbsp;<\/p>\n\n\n\n<p>A pesar de no ser militante, ella se\u00f1ala que hay mucho liderazgo en Movimiento Ciudadano, que es un partido que se est\u00e1 consolidando, es una izquierda democr\u00e1tica, una democracia liberal. \u201cSomos los que m\u00e1s sabemos con el cuidado de la naturaleza, sobre medio ambiente, movilidad\u201d. Con respecto al aborto, indic\u00f3 que se debe legislar para tratar el aborto como un problema de salud. Con respecto a candidatos que tienen alguna denuncia por violencia, enfatiz\u00f3 que \u201ctienen que irse\u201d.<\/p>\n\n\n\n<p>Sobre las alertas de g\u00e9nero existentes en Veracruz, indic\u00f3 que no est\u00e1n funcionando, deben revisarse y modificarse. \u201cSe debe dar seguimiento a las mujeres violentadas, adem\u00e1s de educar a los hombres. Es un tema de educaci\u00f3n. Necesitamos trabajar con los ni\u00f1os desde primaria\u201d.<\/p>\n\n\n\n<p>All\u00ed presente, tambi\u00e9n Dulce M\u00e9ndez de la Luz Dauz\u00f3n, quien busca la reelecci\u00f3n como diputada federal por Xalapa Urbano, Distrito 10. Destac\u00f3 el tema de las estancias infantiles y su cancelaci\u00f3n. \u201cAfect\u00f3 a familias completas, a mujeres emprendedoras, no se supli\u00f3 con nada, y han dicho que la cancelaci\u00f3n del programa fue por corrupci\u00f3n, pero no veo a nadie encerrado por ese tema. Las castigadas fueron las mujeres y sus hijos\u201d. Dulce menciona que despu\u00e9s de cerrar el programa, varias personas que estaban al frente de las estancias acudieron al amparo; sin embargo, por la pandemia, el proceso legal se encuentra actualmente detenido. Se\u00f1al\u00f3 la importante necesidad de construir alianzas dentro del congreso para lograr presupuesto para refugios de mujeres violentadas as\u00ed como la continuidad de estancias infantiles.&nbsp;<\/p>\n\n\n\n<p>Maribel Ram\u00edrez Topete es otra mujer en el movimiento naranja. Ella es candidata a diputada local por el distrito X. Su prioridad es reactivar la capital del estado junto con la ciudadan\u00eda; busca un Xalapa seguro para&nbsp; mujeres y hombres. Considera que las mujeres deben ser empoderadas&#8230; ellas no est\u00e1n solas, \u201cnecesitamos unirnos y alzar la voz, es un momento crucial en el que debemos decidir de qu\u00e9 lado estar; es necesario acompa\u00f1arnos en la construcci\u00f3n de una nueva cultura del respeto de los derechos humanos de las mujeres; debemos impulsar el parlamento abierto\u201d. Maribel es la segunda vez que busca la curul local y como feminista, siempre ha buscado empoderar mujeres. Anteriormente fue subcoordinadora de Nacional de Mujeres en Movimiento.<\/p>\n\n\n\n<p>Al terminar la reuni\u00f3n con medios de comunicaci\u00f3n, Patricia, Dulce y Maribel se reunieron con activistas de varias partes del estado de Veracruz, las cuales manifestaron su preocupaci\u00f3n por el incremento de la violencia en el estado de Veracruz contra mujeres y ni\u00f1as, la falta de protocolo sobre acoso y hostigamiento en el Poder Legislativo de Veracruz, los pendientes sobre la aprobaci\u00f3n del aborto, entre otros temas para que juntas se construya la agenda en favor de las veracruzanas.<\/p>\n\n\n\n<p>@NumerosRojos_BC<\/p>\n\n\n\n<p><a href=\"mailto:caballero_brenda@hotmail.com\" target=\"_blank\" rel=\"noreferrer noopener\">caballero_brenda@hotmail.com<\/a><\/p>\n","protected":false},"excerpt":{"rendered":"<p>N\u00fameros Rojos Brenda Caballero Corr\u00eda el a\u00f1o 2006 cuando su lema \u201cPalabra de Mujer\u201d son\u00f3 en el pa\u00eds. Patricia Mercado Castro era la \u00fanica candidata a la Presidencia de M\u00e9xico por el partido Alternativa Socialdem\u00f3crata y Campesina (PASC) y la cuarta en la historia de M\u00e9xico en buscar este cargo. Fue Rosario Ibarra de Piedra [&hellip;]<\/p>\n","protected":false},"author":1,"featured_media":70,"comment_status":"open","ping_status":"open","sticky":false,"template":"","format":"standard","meta":{"_jetpack_memberships_contains_paid_content":false,"footnotes":""},"categories":[11],"tags":[],"class_list":["post-13902","post","type-post","status-publish","format-standard","has-post-thumbnail","hentry","category-opinion"],"jetpack_featured_media_url":"https:\/\/encuentroinformativo.com.mx\/wp-content\/uploads\/2020\/02\/opinion-invitado.jpg","jetpack_sharing_enabled":true,"jetpack_likes_enabled":true,"amp_enabled":true,"_links":{"self":[{"href":"https:\/\/encuentroinformativo.com.mx\/index.php?rest_route=\/wp\/v2\/posts\/13902","targetHints":{"allow":["GET"]}}],"collection":[{"href":"https:\/\/encuentroinformativo.com.mx\/index.php?rest_route=\/wp\/v2\/posts"}],"about":[{"href":"https:\/\/encuentroinformativo.com.mx\/index.php?rest_route=\/wp\/v2\/types\/post"}],"author":[{"embeddable":true,"href":"https:\/\/encuentroinformativo.com.mx\/index.php?rest_route=\/wp\/v2\/users\/1"}],"replies":[{"embeddable":true,"href":"https:\/\/encuentroinformativo.com.mx\/index.php?rest_route=%2Fwp%2Fv2%2Fcomments&post=13902"}],"version-history":[{"count":1,"href":"https:\/\/encuentroinformativo.com.mx\/index.php?rest_route=\/wp\/v2\/posts\/13902\/revisions"}],"predecessor-version":[{"id":13903,"href":"https:\/\/encuentroinformativo.com.mx\/index.php?rest_route=\/wp\/v2\/posts\/13902\/revisions\/13903"}],"wp:featuredmedia":[{"embeddable":true,"href":"https:\/\/encuentroinformativo.com.mx\/index.php?rest_route=\/wp\/v2\/media\/70"}],"wp:attachment":[{"href":"https:\/\/encuentroinformativo.com.mx\/index.php?rest_route=%2Fwp%2Fv2%2Fmedia&parent=13902"}],"wp:term":[{"taxonomy":"category","embeddable":true,"href":"https:\/\/encuentroinformativo.com.mx\/index.php?rest_route=%2Fwp%2Fv2%2Fcategories&post=13902"},{"taxonomy":"post_tag","embeddable":true,"href":"https:\/\/encuentroinformativo.com.mx\/index.php?rest_route=%2Fwp%2Fv2%2Ftags&post=13902"}],"curies":[{"name":"wp","href":"https:\/\/api.w.org\/{rel}","templated":true}]}}