{"id":13904,"date":"2021-05-10T09:45:04","date_gmt":"2021-05-10T14:45:04","guid":{"rendered":"https:\/\/encuentroinformativo.com.mx\/?p=13904"},"modified":"2021-05-10T09:45:08","modified_gmt":"2021-05-10T14:45:08","slug":"de-que-carisma-salen-mas-curules","status":"publish","type":"post","link":"https:\/\/encuentroinformativo.com.mx\/?p=13904","title":{"rendered":"De qu\u00e9 carisma salen m\u00e1s curules"},"content":{"rendered":"\n<p><strong>Los Pol\u00edticos<\/strong><\/p>\n\n\n\n<p><strong>Salvador Mu\u00f1oz<\/strong><\/p>\n\n\n\n<p>Hablamos hace d\u00edas de los Candidatos Ancla o Yunta, seg\u00fan la perspectiva de cada quien y tambi\u00e9n de los otros candidatos que jalen con su arrastre.<\/p>\n\n\n\n<p>En Movimiento Ciudadano, sin ser pol\u00edtica, est\u00e1 el caso de Paquita la del Barrio, a quien a muchos les disgusta la idea de que sea candidata por el temor, molestia, desagrado, de verla en el Palacio de Encanto. S\u00ed, de cierto modo perciben que tiene grandes posibilidades de pasar por encima de sus contendientes y en una de \u00e9sas, ganar.<\/p>\n\n\n\n<p>Paquita cubre con mucho un factor necesario en cualquier candidato: carisma, simpat\u00eda, \u00e1ngel, como quiera decirlo. Por supuesto que de llegar al Congreso estar\u00eda apoyada por asesores tanto internos (es decir, del mismo Congreso, que hay y buenos) como externos, llevados por el mismo partido que la postula: Movimiento Ciudadano.<\/p>\n\n\n\n<p>La cantante y tambi\u00e9n empresaria (preg\u00fantenle cu\u00e1ntas familias dependen de ella en cada espect\u00e1culo que presenta o presentaba) ha sido factor importante para que mujeres y hombres, en lo que compete a su distrito, se decidan a participar en el Movimiento\u2026 al menos en la regi\u00f3n que le compete, Paquita arrastra, jala, convida a quienes la acompa\u00f1an y a ello, agr\u00e9guele su lema de campa\u00f1a: \u201cPara sacar a las ratas de dos patas\u201d. \u00a1Pega donde debe de pegar!<\/p>\n\n\n\n<p>El caso de Anil\u00fa Ingram es igual de interesante. Va como candidata Pluri pero no por eso se sienta en sus laureles. El partido y los aliados saben que la porte\u00f1a es carism\u00e1tica y adem\u00e1s, se sabe el teje y maneje de las campa\u00f1as. S\u00famele que fue una de las delegadas de la extinta Sedesol que recorri\u00f3 toda la milla y conform\u00f3 una gran alianza con liderazgos regionales, en especial con mujeres. S\u00ed, la influencia de Anil\u00fa quiz\u00e1s no est\u00e9 en funci\u00f3n de los candidatos, pero s\u00ed para los candidatos. Ella ha de funcionar como una especie de \u201cGarant\u00eda Electoral\u201d en la gente que conf\u00eda en ella por su trabajo en Sedesol.<\/p>\n\n\n\n<p>Un caso particular es el Candidato Ancla de Morena por una Pluri: Juan Javier \u201cEl Car\u00f3n\u201d G\u00f3mez Cazar\u00edn, que al igual que los anteriores, Paquita y Anil\u00fa, sufre el S\u00edndrome del Am\u00e9rica aunque creo que con mayor intensidad por ser parte del partido en el poder: Lo odian o lo aman.<\/p>\n\n\n\n<p>El Car\u00f3n es lo m\u00e1s cercano a lo que se pudiera llamar un Pol\u00edtico Del Pueblo. Puse \u00e9nfasis en el \u201cDel\u201d porque no es lo mismo que hubiera puesto \u201cDe\u201d. Criticado por su forma de hacer pol\u00edtica en el Congreso, es algo que realmente le vale, pues se quiera o no, ha mantenido el control del mismo. Fuera del Palacio de Encanto, es otra cosa. Ya se le puede ver en Bermudas cantando e interactuando en las redes sociales, como cargando sacos de cemento, paleando arena, grava o tierra; apostando por el Am\u00e9rica; compartiendo el taco con la guardia del Congreso o con los alba\u00f1iles, o entrando a la defensa de su partido. Habla al pueblo con voz de pueblo y creo que hasta el acento lo ayuda m\u00e1s. En su papel de titular de coordinador del grupo legislativo de Morena, igual recorri\u00f3 lo ancho y largo del estado para acompa\u00f1ar o acuerpar a sus diputados en los diversos distritos donde ten\u00edan presencia\u2026 y en donde no, tambi\u00e9n.<\/p>\n\n\n\n<p>Por su car\u00e1cter extrovertido, empata f\u00e1cilmente con la gente y de cierto modo, no s\u00f3lo la contagia del dinamismo que le pone a las campa\u00f1as en los distintos puntos en los que se est\u00e1 moviendo, como Cosamaloapan, Acayucan, Coatza, y el sur, sino tambi\u00e9n permea de esta energ\u00eda a sus candidatos.<\/p>\n\n\n\n<p>Le gustan los retos y entre ellos, est\u00e1 el de recorrer a pie los m\u00e1s de 20 kil\u00f3metros diarios haciendo campa\u00f1a y no se raja\u2026 si usted echa un ojo, ver\u00e1 que trae una venda en la mano\u2026 \u00a1la maldita gota! \u00a1Ni modo! Y los que saben de eso, entienden que duele como patada de mula\u2026<\/p>\n\n\n\n<p>S\u00ed, es posible que haya m\u00e1s Anclas, pero en el caso de Paquita, la retomamos por su singularidad, porque entre Anil\u00fa y El Car\u00f3n, sus alcances van m\u00e1s all\u00e1 de un distrito. Al final, se ver\u00e1 de qu\u00e9 carisma salen m\u00e1s curules\u2026 ya falta poco.<\/p>\n\n\n\n<p><a href=\"mailto:smcainito@gmail.com\" target=\"_blank\" rel=\"noreferrer noopener\">smcainito@gmail.com<\/a><\/p>\n","protected":false},"excerpt":{"rendered":"<p>Los Pol\u00edticos Salvador Mu\u00f1oz Hablamos hace d\u00edas de los Candidatos Ancla o Yunta, seg\u00fan la perspectiva de cada quien y tambi\u00e9n de los otros candidatos que jalen con su arrastre. En Movimiento Ciudadano, sin ser pol\u00edtica, est\u00e1 el caso de Paquita la del Barrio, a quien a muchos les disgusta la idea de que sea [&hellip;]<\/p>\n","protected":false},"author":1,"featured_media":70,"comment_status":"open","ping_status":"open","sticky":false,"template":"","format":"standard","meta":{"_jetpack_memberships_contains_paid_content":false,"footnotes":""},"categories":[11],"tags":[],"class_list":["post-13904","post","type-post","status-publish","format-standard","has-post-thumbnail","hentry","category-opinion"],"jetpack_featured_media_url":"https:\/\/encuentroinformativo.com.mx\/wp-content\/uploads\/2020\/02\/opinion-invitado.jpg","jetpack_sharing_enabled":true,"jetpack_likes_enabled":true,"amp_enabled":true,"_links":{"self":[{"href":"https:\/\/encuentroinformativo.com.mx\/index.php?rest_route=\/wp\/v2\/posts\/13904","targetHints":{"allow":["GET"]}}],"collection":[{"href":"https:\/\/encuentroinformativo.com.mx\/index.php?rest_route=\/wp\/v2\/posts"}],"about":[{"href":"https:\/\/encuentroinformativo.com.mx\/index.php?rest_route=\/wp\/v2\/types\/post"}],"author":[{"embeddable":true,"href":"https:\/\/encuentroinformativo.com.mx\/index.php?rest_route=\/wp\/v2\/users\/1"}],"replies":[{"embeddable":true,"href":"https:\/\/encuentroinformativo.com.mx\/index.php?rest_route=%2Fwp%2Fv2%2Fcomments&post=13904"}],"version-history":[{"count":1,"href":"https:\/\/encuentroinformativo.com.mx\/index.php?rest_route=\/wp\/v2\/posts\/13904\/revisions"}],"predecessor-version":[{"id":13905,"href":"https:\/\/encuentroinformativo.com.mx\/index.php?rest_route=\/wp\/v2\/posts\/13904\/revisions\/13905"}],"wp:featuredmedia":[{"embeddable":true,"href":"https:\/\/encuentroinformativo.com.mx\/index.php?rest_route=\/wp\/v2\/media\/70"}],"wp:attachment":[{"href":"https:\/\/encuentroinformativo.com.mx\/index.php?rest_route=%2Fwp%2Fv2%2Fmedia&parent=13904"}],"wp:term":[{"taxonomy":"category","embeddable":true,"href":"https:\/\/encuentroinformativo.com.mx\/index.php?rest_route=%2Fwp%2Fv2%2Fcategories&post=13904"},{"taxonomy":"post_tag","embeddable":true,"href":"https:\/\/encuentroinformativo.com.mx\/index.php?rest_route=%2Fwp%2Fv2%2Ftags&post=13904"}],"curies":[{"name":"wp","href":"https:\/\/api.w.org\/{rel}","templated":true}]}}