{"id":13911,"date":"2021-05-10T13:26:54","date_gmt":"2021-05-10T18:26:54","guid":{"rendered":"https:\/\/encuentroinformativo.com.mx\/?p=13911"},"modified":"2021-05-10T13:26:58","modified_gmt":"2021-05-10T18:26:58","slug":"con-protesta-en-cementerio-madres-de-colectivos-pasan-el-10-de-mayo","status":"publish","type":"post","link":"https:\/\/encuentroinformativo.com.mx\/?p=13911","title":{"rendered":"Con protesta en cementerio, madres de colectivos pasan el 10 de Mayo"},"content":{"rendered":"\n<p><strong>Juan Arcos<\/strong><\/p>\n\n\n\n<p>Xalapa, Ver.- Madres de desaparecidos protestaron afuera del pante\u00f3n Palo Verde este 10 de mayo, donde aseguraron que existen fosas clandestinas.<\/p>\n\n\n\n<p>Estas personas se manifestaron como cada D\u00eda de las Madres, para exigir a la Fiscal\u00eda General del Estado (FGE) que agilice las investigaciones para la aparici\u00f3n de sus seres queridos.<\/p>\n\n\n\n<p>Colocaron una lona de varios metros de largo sobre la fachada del cementerio donde se lee: \u201cen este pante\u00f3n hay fosas clandestinas\u201d.<\/p>\n\n\n\n<p>Adem\u00e1s, en sus pancartas se observaban mensajes como: \u201cNegariva para exhumaciones por contubernio entre Fiscal\u00eda General del Estado y Municipio&#8221;, &#8220;grupo buscando a nuestros desaparecidos y desaparecidas Veracruz. Por la verdad y la justicia&#8221;, &#8220;ni perd\u00f3n, ni olvido&#8221;.<\/p>\n\n\n\n<p>La se\u00f1ora Mar\u00eda Elena Guti\u00e9rrez, quien busca a su hijo Rafael Espinosa Guti\u00e9rrez desaparecido desde el 15 de agosto de 2013, record\u00f3 que desde 2016 iniciaron las b\u00fasquedas de cuerpos de desaparecidos al interior del camposanto, ubicado entre las avenidas 20 de Noviembre y L\u00e1zaro C\u00e1rdenas.<\/p>\n\n\n\n<p>La mujer record\u00f3 que durante la b\u00fasqueda del cuerpo de Gemma M\u00e1vil, secuestrada a sus 39 a\u00f1os el 3 de mayo de 2011 en Xalapa, descubrieron otros cuerpos en las exhumaciones.<\/p>\n\n\n\n<p>\u201cSal\u00edan m\u00e1s cuerpos, no el de Gemma. Dos cuerpos, en la siguiente, fueron cinco y que adem\u00e1s no correspond\u00edan a los que ten\u00edan los ministerios p\u00fablicos\u201d.<\/p>\n\n\n\n<p>Las mam\u00e1s exigieron a la Fiscal\u00eda de Veracruz que autorice las exhumaciones en la fosa com\u00fan del cementerio, toda vez que podr\u00edan encontrarse cuerpos de desaparecidos.<\/p>\n\n\n\n<p>&#8220;El pante\u00f3n Palo Verde es tiradero de cuerpos, inhuman cuerpos de periciales, sin datos, sin fotograf\u00edas, sin descripci\u00f3n de c\u00f3mo estaba el cuerpo cuando fueron levantados. Tienen que dejar eso guardado para que la familia pueda identificarlos\u201d.<\/p>\n\n\n\n<p>Las madres de desaparecidos marcharon del pante\u00f3n Palo Verde con direcci\u00f3n a Plaza Sebasti\u00e1n Lerdo de Tejada, en busca de que sean escuchadas por autoridades estatales.<\/p>\n\n\n\n<figure class=\"wp-block-image size-large\"><img loading=\"lazy\" decoding=\"async\" width=\"1024\" height=\"768\" src=\"https:\/\/encuentroinformativo.com.mx\/wp-content\/uploads\/2021\/05\/29A4A797-C660-44AE-A1A6-D4A001A3EBED-1024x768.jpeg\" alt=\"\" class=\"wp-image-13913\" srcset=\"https:\/\/encuentroinformativo.com.mx\/wp-content\/uploads\/2021\/05\/29A4A797-C660-44AE-A1A6-D4A001A3EBED-1024x768.jpeg 1024w, https:\/\/encuentroinformativo.com.mx\/wp-content\/uploads\/2021\/05\/29A4A797-C660-44AE-A1A6-D4A001A3EBED-300x225.jpeg 300w, https:\/\/encuentroinformativo.com.mx\/wp-content\/uploads\/2021\/05\/29A4A797-C660-44AE-A1A6-D4A001A3EBED-768x576.jpeg 768w, https:\/\/encuentroinformativo.com.mx\/wp-content\/uploads\/2021\/05\/29A4A797-C660-44AE-A1A6-D4A001A3EBED-1536x1152.jpeg 1536w, https:\/\/encuentroinformativo.com.mx\/wp-content\/uploads\/2021\/05\/29A4A797-C660-44AE-A1A6-D4A001A3EBED.jpeg 1600w\" sizes=\"auto, (max-width: 1024px) 100vw, 1024px\" \/><\/figure>\n","protected":false},"excerpt":{"rendered":"<p>Juan Arcos Xalapa, Ver.- Madres de desaparecidos protestaron afuera del pante\u00f3n Palo Verde este 10 de mayo, donde aseguraron que existen fosas clandestinas. Estas personas se manifestaron como cada D\u00eda de las Madres, para exigir a la Fiscal\u00eda General del Estado (FGE) que agilice las investigaciones para la aparici\u00f3n de sus seres queridos. Colocaron una [&hellip;]<\/p>\n","protected":false},"author":1,"featured_media":13912,"comment_status":"open","ping_status":"open","sticky":false,"template":"","format":"standard","meta":{"_jetpack_memberships_contains_paid_content":false,"footnotes":""},"categories":[3],"tags":[],"class_list":["post-13911","post","type-post","status-publish","format-standard","has-post-thumbnail","hentry","category-xalapa"],"jetpack_featured_media_url":"https:\/\/encuentroinformativo.com.mx\/wp-content\/uploads\/2021\/05\/1FC72449-B8C0-49BF-9AD1-8E798DACBBC9.jpeg","jetpack_sharing_enabled":true,"jetpack_likes_enabled":true,"amp_enabled":true,"_links":{"self":[{"href":"https:\/\/encuentroinformativo.com.mx\/index.php?rest_route=\/wp\/v2\/posts\/13911","targetHints":{"allow":["GET"]}}],"collection":[{"href":"https:\/\/encuentroinformativo.com.mx\/index.php?rest_route=\/wp\/v2\/posts"}],"about":[{"href":"https:\/\/encuentroinformativo.com.mx\/index.php?rest_route=\/wp\/v2\/types\/post"}],"author":[{"embeddable":true,"href":"https:\/\/encuentroinformativo.com.mx\/index.php?rest_route=\/wp\/v2\/users\/1"}],"replies":[{"embeddable":true,"href":"https:\/\/encuentroinformativo.com.mx\/index.php?rest_route=%2Fwp%2Fv2%2Fcomments&post=13911"}],"version-history":[{"count":1,"href":"https:\/\/encuentroinformativo.com.mx\/index.php?rest_route=\/wp\/v2\/posts\/13911\/revisions"}],"predecessor-version":[{"id":13914,"href":"https:\/\/encuentroinformativo.com.mx\/index.php?rest_route=\/wp\/v2\/posts\/13911\/revisions\/13914"}],"wp:featuredmedia":[{"embeddable":true,"href":"https:\/\/encuentroinformativo.com.mx\/index.php?rest_route=\/wp\/v2\/media\/13912"}],"wp:attachment":[{"href":"https:\/\/encuentroinformativo.com.mx\/index.php?rest_route=%2Fwp%2Fv2%2Fmedia&parent=13911"}],"wp:term":[{"taxonomy":"category","embeddable":true,"href":"https:\/\/encuentroinformativo.com.mx\/index.php?rest_route=%2Fwp%2Fv2%2Fcategories&post=13911"},{"taxonomy":"post_tag","embeddable":true,"href":"https:\/\/encuentroinformativo.com.mx\/index.php?rest_route=%2Fwp%2Fv2%2Ftags&post=13911"}],"curies":[{"name":"wp","href":"https:\/\/api.w.org\/{rel}","templated":true}]}}