{"id":13918,"date":"2021-05-10T14:35:55","date_gmt":"2021-05-10T19:35:55","guid":{"rendered":"https:\/\/encuentroinformativo.com.mx\/?p=13918"},"modified":"2021-05-10T14:35:59","modified_gmt":"2021-05-10T19:35:59","slug":"madres-de-desaparecidos-recurriran-a-cidh","status":"publish","type":"post","link":"https:\/\/encuentroinformativo.com.mx\/?p=13918","title":{"rendered":"Madres de desaparecidos recurrir\u00e1n a CIDH"},"content":{"rendered":"\n<p><strong>Juan Arcos<\/strong> <\/p>\n\n\n\n<p>Xalapa, Ver.- Madres de desaparecidos recurrir\u00e1n a la Comisi\u00f3n Interamericana de Derechos Humanos (CIDH) para presionar a la Fiscal\u00eda General del Estado (FGE) y garantizar que muestre los objetos que han sido hallados en fosas clandestinas para la identificaci\u00f3n de cuerpos.<\/p>\n\n\n\n<p>Sara Gonz\u00e1lez Rodr\u00edguez, integrante del Colectivo por la Paz, denunci\u00f3 que la Direcci\u00f3n de Servicios Periciales les ha negado el acceso a las fotograf\u00edas de carteras, credenciales para votar y otros objetos que est\u00e1n en resguardo.<\/p>\n\n\n\n<p>\u201cVamos a hacernos presentes ah\u00ed para la exigencia de que muestren todo y ver la manera de que sea legal porque ya estamos cansados de todo esto, siempre es lo mismo y no logramos obtener nada positivo\u201d.<\/p>\n\n\n\n<p>La entrevistada indic\u00f3 que ya ha habido acercamiento con la Corte Interamericana de Derechos Humanos para que la Fiscal\u00eda de Veracruz no sea omisa en sus funciones.<\/p>\n\n\n\n<p>\u201cSeguimos en espera, qued\u00f3 de avisarnos el doctor Ronz\u00f3n, de Periciales, pero ya sabemos que eso de avisarnos jam\u00e1s llega\u201d.<\/p>\n\n\n\n<p>La activista se\u00f1al\u00f3 que deben ser aplicadas sanciones contra los encargados de Servicios Periciales por revictimizar a las madres de los desaparecidos que llevan a cabo una b\u00fasqueda incansable hasta encontrarlos.<\/p>\n\n\n\n<p>\u201cEs una omisi\u00f3n grave, es una falta administrativa que merece c\u00e1rcel de parte de los que est\u00e1n en representaci\u00f3n de Periciales\u201d.\u00a0<br>Record\u00f3 el caso de una persona que busc\u00f3 d\u00eda y noche a su familiar durante diez a\u00f1os y apenas pudo acceder a las fotograf\u00edas de los objetos encontrados en cementerios clandestinos.<\/p>\n\n\n\n<p>\u201cSe\u00f1alan que s\u00ed es su familiar, estamos esperando que le hagan el ADN porque ni eso ten\u00edan de ese cuerpo, entonces, estamos hablando de omisi\u00f3n tras omisi\u00f3n, irregularidades, corrupci\u00f3n\u201d, indic\u00f3 Gonz\u00e1lez Rodr\u00edguez.<\/p>\n","protected":false},"excerpt":{"rendered":"<p>Juan Arcos Xalapa, Ver.- Madres de desaparecidos recurrir\u00e1n a la Comisi\u00f3n Interamericana de Derechos Humanos (CIDH) para presionar a la Fiscal\u00eda General del Estado (FGE) y garantizar que muestre los objetos que han sido hallados en fosas clandestinas para la identificaci\u00f3n de cuerpos. Sara Gonz\u00e1lez Rodr\u00edguez, integrante del Colectivo por la Paz, denunci\u00f3 que la [&hellip;]<\/p>\n","protected":false},"author":1,"featured_media":13919,"comment_status":"open","ping_status":"open","sticky":false,"template":"","format":"standard","meta":{"_jetpack_memberships_contains_paid_content":false,"footnotes":""},"categories":[3],"tags":[],"class_list":["post-13918","post","type-post","status-publish","format-standard","has-post-thumbnail","hentry","category-xalapa"],"jetpack_featured_media_url":"https:\/\/encuentroinformativo.com.mx\/wp-content\/uploads\/2021\/05\/CF02826D-06A1-41E3-AFB7-36FC02D90BD0.jpeg","jetpack_sharing_enabled":true,"jetpack_likes_enabled":true,"amp_enabled":true,"_links":{"self":[{"href":"https:\/\/encuentroinformativo.com.mx\/index.php?rest_route=\/wp\/v2\/posts\/13918","targetHints":{"allow":["GET"]}}],"collection":[{"href":"https:\/\/encuentroinformativo.com.mx\/index.php?rest_route=\/wp\/v2\/posts"}],"about":[{"href":"https:\/\/encuentroinformativo.com.mx\/index.php?rest_route=\/wp\/v2\/types\/post"}],"author":[{"embeddable":true,"href":"https:\/\/encuentroinformativo.com.mx\/index.php?rest_route=\/wp\/v2\/users\/1"}],"replies":[{"embeddable":true,"href":"https:\/\/encuentroinformativo.com.mx\/index.php?rest_route=%2Fwp%2Fv2%2Fcomments&post=13918"}],"version-history":[{"count":1,"href":"https:\/\/encuentroinformativo.com.mx\/index.php?rest_route=\/wp\/v2\/posts\/13918\/revisions"}],"predecessor-version":[{"id":13920,"href":"https:\/\/encuentroinformativo.com.mx\/index.php?rest_route=\/wp\/v2\/posts\/13918\/revisions\/13920"}],"wp:featuredmedia":[{"embeddable":true,"href":"https:\/\/encuentroinformativo.com.mx\/index.php?rest_route=\/wp\/v2\/media\/13919"}],"wp:attachment":[{"href":"https:\/\/encuentroinformativo.com.mx\/index.php?rest_route=%2Fwp%2Fv2%2Fmedia&parent=13918"}],"wp:term":[{"taxonomy":"category","embeddable":true,"href":"https:\/\/encuentroinformativo.com.mx\/index.php?rest_route=%2Fwp%2Fv2%2Fcategories&post=13918"},{"taxonomy":"post_tag","embeddable":true,"href":"https:\/\/encuentroinformativo.com.mx\/index.php?rest_route=%2Fwp%2Fv2%2Ftags&post=13918"}],"curies":[{"name":"wp","href":"https:\/\/api.w.org\/{rel}","templated":true}]}}