{"id":13924,"date":"2021-05-10T15:21:07","date_gmt":"2021-05-10T20:21:07","guid":{"rendered":"https:\/\/encuentroinformativo.com.mx\/?p=13924"},"modified":"2021-05-10T15:21:10","modified_gmt":"2021-05-10T20:21:10","slug":"espera-canaco-veracruz-repunte-de-ventas","status":"publish","type":"post","link":"https:\/\/encuentroinformativo.com.mx\/?p=13924","title":{"rendered":"Espera CANACO Veracruz repunte de ventas"},"content":{"rendered":"\n<p><strong>Alejandro \u00c1vila<\/strong><\/p>\n\n\n\n<p>Veracruz, Ver.- El incremento en ventas que se espera en los comercios por el D\u00eda de las Madres es peque\u00f1o, pero importante, tomando en cuenta que a\u00fan hay restricciones por la pandemia de COVID-19, inform\u00f3 el presidente de la C\u00e1mara Nacional de Comercio (CANACO) en Veracruz, Jos\u00e9 Antonio Mendoza Garc\u00eda.<\/p>\n\n\n\n<p>En los 11 comercios que conforman su jurisdicci\u00f3n, se estima que se genere una derrama de 400 millones de pesos, mencion\u00f3.<\/p>\n\n\n\n<p>Aunque para unos podr\u00eda significar un monto menor, pues en antes esta cifra se duplicaba; Mendoza Garc\u00eda puntualiz\u00f3 que es una proyecci\u00f3n buena, tomando en cuenta que el a\u00f1o pasado fue casi nula la venta y varios negocios tuvieron que cerrar, hoy en d\u00eda se est\u00e1n recuperando y volviendo a operar casi como de costumbre.<\/p>\n\n\n\n<p>Tan solo en la zona conurbada Veracruz &#8211; Boca del R\u00edo, la expectativa es de 30 millones de pesos, peque\u00f1a pero un aliciente para los empresarios.<\/p>\n\n\n\n<p>&#8220;Es todo el comercio, es una derrama, son restaurantes, venta de art\u00edculos de regalos, muebles; es una derrama econ\u00f3mica general&#8221;, subray\u00f3.<\/p>\n","protected":false},"excerpt":{"rendered":"<p>Alejandro \u00c1vila Veracruz, Ver.- El incremento en ventas que se espera en los comercios por el D\u00eda de las Madres es peque\u00f1o, pero importante, tomando en cuenta que a\u00fan hay restricciones por la pandemia de COVID-19, inform\u00f3 el presidente de la C\u00e1mara Nacional de Comercio (CANACO) en Veracruz, Jos\u00e9 Antonio Mendoza Garc\u00eda. En los 11 [&hellip;]<\/p>\n","protected":false},"author":1,"featured_media":13925,"comment_status":"open","ping_status":"open","sticky":false,"template":"","format":"standard","meta":{"_jetpack_memberships_contains_paid_content":false,"footnotes":""},"categories":[2],"tags":[],"class_list":["post-13924","post","type-post","status-publish","format-standard","has-post-thumbnail","hentry","category-estado"],"jetpack_featured_media_url":"https:\/\/encuentroinformativo.com.mx\/wp-content\/uploads\/2021\/05\/CF911A47-9496-4DDE-B19E-0EE749AA7445.jpeg","jetpack_sharing_enabled":true,"jetpack_likes_enabled":true,"amp_enabled":true,"_links":{"self":[{"href":"https:\/\/encuentroinformativo.com.mx\/index.php?rest_route=\/wp\/v2\/posts\/13924","targetHints":{"allow":["GET"]}}],"collection":[{"href":"https:\/\/encuentroinformativo.com.mx\/index.php?rest_route=\/wp\/v2\/posts"}],"about":[{"href":"https:\/\/encuentroinformativo.com.mx\/index.php?rest_route=\/wp\/v2\/types\/post"}],"author":[{"embeddable":true,"href":"https:\/\/encuentroinformativo.com.mx\/index.php?rest_route=\/wp\/v2\/users\/1"}],"replies":[{"embeddable":true,"href":"https:\/\/encuentroinformativo.com.mx\/index.php?rest_route=%2Fwp%2Fv2%2Fcomments&post=13924"}],"version-history":[{"count":1,"href":"https:\/\/encuentroinformativo.com.mx\/index.php?rest_route=\/wp\/v2\/posts\/13924\/revisions"}],"predecessor-version":[{"id":13926,"href":"https:\/\/encuentroinformativo.com.mx\/index.php?rest_route=\/wp\/v2\/posts\/13924\/revisions\/13926"}],"wp:featuredmedia":[{"embeddable":true,"href":"https:\/\/encuentroinformativo.com.mx\/index.php?rest_route=\/wp\/v2\/media\/13925"}],"wp:attachment":[{"href":"https:\/\/encuentroinformativo.com.mx\/index.php?rest_route=%2Fwp%2Fv2%2Fmedia&parent=13924"}],"wp:term":[{"taxonomy":"category","embeddable":true,"href":"https:\/\/encuentroinformativo.com.mx\/index.php?rest_route=%2Fwp%2Fv2%2Fcategories&post=13924"},{"taxonomy":"post_tag","embeddable":true,"href":"https:\/\/encuentroinformativo.com.mx\/index.php?rest_route=%2Fwp%2Fv2%2Ftags&post=13924"}],"curies":[{"name":"wp","href":"https:\/\/api.w.org\/{rel}","templated":true}]}}