{"id":13927,"date":"2021-05-10T15:41:27","date_gmt":"2021-05-10T20:41:27","guid":{"rendered":"https:\/\/encuentroinformativo.com.mx\/?p=13927"},"modified":"2021-05-10T15:41:31","modified_gmt":"2021-05-10T20:41:31","slug":"a-pesar-de-amparos-personal-medico-con-problemas-para-recibir-vacunas","status":"publish","type":"post","link":"https:\/\/encuentroinformativo.com.mx\/?p=13927","title":{"rendered":"A pesar de amparos, personal m\u00e9dico con problemas para recibir vacunas"},"content":{"rendered":"\n<p><strong>Alejandro \u00c1vila<\/strong><\/p>\n\n\n\n<p>Veracruz, Ver.- Los trabajadores del sector Salud que han promovido amparos para que sean vacunados a la brevedad sin importar su estatus, han tenido durante las \u00faltimas semanas una problematica para obtener la dosis, pues la autoridad federal responde que los lotes actuales de vacunas ya est\u00e1n comprometidos.<\/p>\n\n\n\n<p>El abogado, Jorge Reyes Peralta, relat\u00f3 en entrevista que en \u00faltimas semanas el sector Salud ya ha contestado a los Jueces de Distrito, que s\u00ed les aplicar\u00e1 la vacuna, pero cuando llegue un nuevo lote que est\u00e9 libre y no destinado a un sitio en particular.<\/p>\n\n\n\n<p>&#8220;Ahora se ha dado el caso de que el sector salud contesta y dice, se la vamos a poner cuando la tengamos, porque la dotaci\u00f3n que tenemos ya las aplicamos, entonces,&nbsp; a la primera vacuna nueva que llegue, se la pondremos a este&#8221;, coment\u00f3.<\/p>\n\n\n\n<p>El veracruzano coment\u00f3 que es en la Ciudad de M\u00e9xico donde se han dado m\u00e1s casos de este tipo, debido a que la vacuna tiene una temporalidad, y si bien en algunos centros de aplicaci\u00f3n se ven rebasados en n\u00famero de personas y necesitan m\u00e1s dosis, en otros no, y las sobrantes son trasladadas inmediatamente a donde hagan falta.<\/p>\n\n\n\n<p>&#8220;Entonces ya se est\u00e1n encontrando con ese problema los jueces de distrito, que a la hora de contestar la autoridad responsable, que es el sector salud, le dice, s\u00ed, pero que se forme, as\u00ed est\u00e1 sucediendo, nos ha tocado ver casos en particular, en la Ciudad de M\u00e9xico del despacho, nosotros tenemos presencia tambi\u00e9n en la Ciudad de M\u00e9xico, y en los despachos de M\u00e9xico donde m\u00e1s hemos tenido casos, aqu\u00ed solamente dos casos, se consider\u00f3 la situaci\u00f3n de plano y le aplicaron de inmediato la vacuna, porque la hab\u00eda&#8221;, expres\u00f3 el litigante.<\/p>\n\n\n\n<p>Finalmente, reconoci\u00f3 que el paronama es complicado, porque el n\u00famero de habitantes rebasa la producci\u00f3n de vacunas que se producen en el mundo, y los lotes que llegan a M\u00e9xico, pues la vacuna no se produce en el pa\u00eds, son relativamente peque\u00f1os, por eso el Plan Nacional de Vacunaci\u00f3n ha sido gradual y lento.<\/p>\n","protected":false},"excerpt":{"rendered":"<p>Alejandro \u00c1vila Veracruz, Ver.- Los trabajadores del sector Salud que han promovido amparos para que sean vacunados a la brevedad sin importar su estatus, han tenido durante las \u00faltimas semanas una problematica para obtener la dosis, pues la autoridad federal responde que los lotes actuales de vacunas ya est\u00e1n comprometidos. El abogado, Jorge Reyes Peralta, [&hellip;]<\/p>\n","protected":false},"author":1,"featured_media":13928,"comment_status":"open","ping_status":"open","sticky":false,"template":"","format":"standard","meta":{"_jetpack_memberships_contains_paid_content":false,"footnotes":""},"categories":[2],"tags":[],"class_list":["post-13927","post","type-post","status-publish","format-standard","has-post-thumbnail","hentry","category-estado"],"jetpack_featured_media_url":"https:\/\/encuentroinformativo.com.mx\/wp-content\/uploads\/2021\/05\/D89E5F46-2B44-4328-AF42-71BFFAB61946.jpeg","jetpack_sharing_enabled":true,"jetpack_likes_enabled":true,"amp_enabled":true,"_links":{"self":[{"href":"https:\/\/encuentroinformativo.com.mx\/index.php?rest_route=\/wp\/v2\/posts\/13927","targetHints":{"allow":["GET"]}}],"collection":[{"href":"https:\/\/encuentroinformativo.com.mx\/index.php?rest_route=\/wp\/v2\/posts"}],"about":[{"href":"https:\/\/encuentroinformativo.com.mx\/index.php?rest_route=\/wp\/v2\/types\/post"}],"author":[{"embeddable":true,"href":"https:\/\/encuentroinformativo.com.mx\/index.php?rest_route=\/wp\/v2\/users\/1"}],"replies":[{"embeddable":true,"href":"https:\/\/encuentroinformativo.com.mx\/index.php?rest_route=%2Fwp%2Fv2%2Fcomments&post=13927"}],"version-history":[{"count":1,"href":"https:\/\/encuentroinformativo.com.mx\/index.php?rest_route=\/wp\/v2\/posts\/13927\/revisions"}],"predecessor-version":[{"id":13929,"href":"https:\/\/encuentroinformativo.com.mx\/index.php?rest_route=\/wp\/v2\/posts\/13927\/revisions\/13929"}],"wp:featuredmedia":[{"embeddable":true,"href":"https:\/\/encuentroinformativo.com.mx\/index.php?rest_route=\/wp\/v2\/media\/13928"}],"wp:attachment":[{"href":"https:\/\/encuentroinformativo.com.mx\/index.php?rest_route=%2Fwp%2Fv2%2Fmedia&parent=13927"}],"wp:term":[{"taxonomy":"category","embeddable":true,"href":"https:\/\/encuentroinformativo.com.mx\/index.php?rest_route=%2Fwp%2Fv2%2Fcategories&post=13927"},{"taxonomy":"post_tag","embeddable":true,"href":"https:\/\/encuentroinformativo.com.mx\/index.php?rest_route=%2Fwp%2Fv2%2Ftags&post=13927"}],"curies":[{"name":"wp","href":"https:\/\/api.w.org\/{rel}","templated":true}]}}