{"id":1393,"date":"2020-03-30T10:15:00","date_gmt":"2020-03-30T16:15:00","guid":{"rendered":"https:\/\/encuentroinformativo.com\/?p=1393"},"modified":"2020-03-30T10:15:03","modified_gmt":"2020-03-30T16:15:03","slug":"irresponsable","status":"publish","type":"post","link":"https:\/\/encuentroinformativo.com.mx\/?p=1393","title":{"rendered":"Irresponsable"},"content":{"rendered":"\n<p><strong>N\u00fameros Rojos<\/strong><\/p>\n\n\n\n<p><strong>Brenda Caballero<\/strong><\/p>\n\n\n\n<p>Un matrimonio camina lentamente hacia el parque. Ella lleva a una ni\u00f1a de la mano y \u00e9l a un peque\u00f1o en un carrito de paseo. En la esquina, dos j\u00f3venes ven sus cron\u00f3metros; en short y tenis corren alrededor del \u00e1rea verde. Al fondo, junto a los juegos, un vecino juega con sus dos nietos. Una ni\u00f1a en bicicleta maneja en c\u00edrculos. El parque no tiene bancas, sino largas bases de concreto para sentarse. En un extremo, una pareja platica casi al o\u00eddo, mientras una chica est\u00e1 sentada sobre las piernas de su novio y se besan apasionadamente. Esto se lo platico al Hombre despu\u00e9s de haber regresado y haber hecho la despensa&#8230;<\/p>\n\n\n\n<p>\u2013\u00bfEst\u00e1s enojada?\u2013 Me pregunta.<\/p>\n\n\n\n<p>\u2013\u00a1Claro que estoy enojada!\u2013 le digo \u2013\u00bfY el Qu\u00e9date en Casa? \u00bfD\u00f3nde qued\u00f3? \u00a1No entiendo por qu\u00e9 somos tan irresponsables! \u00a1Qu\u00e9 no ven que estamos en medio de una pandemia internacional!<\/p>\n\n\n\n<p>Hay muchas personas que toman las cosas con seriedad, pero a otras realmente les vale madre. \u00a1Piensan que no se van a contagiar de SARS-CoV-2! y lo m\u00e1s simple es decir \u201c\u00a1Pues si me he de morir\u2026!\u201d<\/p>\n\n\n\n<p>El asunto es que tal vez ellos o ellas no se mueran por contraer el virus, sino \u00fanicamente se contagien y sean portadores sin desarrollar la enfermedad Covid-19, sin s\u00edntoma alguno, porque son asintom\u00e1ticos o puede ser que anden contagiando a diestra y siniestra, mientras no manifiestan s\u00edntomas \u00bfY los dem\u00e1s?<\/p>\n\n\n\n<p>Conste que no hablo de las personas que tienen que trabajar porque no tienen otra opci\u00f3n que salir de sus casas: transporte p\u00fablico, taxistas, que a ellos les est\u00e1 partiendo toda su \u2026 econom\u00eda, al igual que a fondas, restaurantes, y otros comercios menores que han tenido que cerrar poco a poco sus negocios porque simplemente no tienen clientes. Los comerciantes mayores no se salvan, son menos ingresos con los que no pueden subsanar gastos de su actividad, su la n\u00f3mina, impuestos, etc\u00e9tera.&nbsp; Hablo de \u00e9sos que andan paseando como si nada, de los que hacen sus fiestas, de los que atiborran las playas,  como si no tuvi\u00e9ramos una emergencia nacional. \u00a1Son irresponsables!<\/p>\n\n\n\n<p>Tal pareciera que exagero con el protocolo a seguir al llegar a casa con mi ropa y accesorios y despu\u00e9s lavarme las manos, pero tengo tres poderosas razones para extremar al m\u00e1ximo mis cuidados: un marido al que le peg\u00f3 la influenza y casi se muere de neumon\u00eda; y mis abuelos, ella de 88 a\u00f1os y \u00e9l de casi 98 a\u00f1os, a los cuales veo cada fin de semana para llevarles sus v\u00edveres.<\/p>\n\n\n\n<p>Desde luego que ellos no salen, pero \u00bfqu\u00e9 pasar\u00eda si se contagian? Si los hospitales llegan a colapsar, me pregunto \u00bfdar\u00e1n prioridad a mis abuelos para salvarlos?<\/p>\n\n\n\n<p>De acuerdo a datos del Banco Mundial, en un an\u00e1lisis de 178 pa\u00edses, M\u00e9xico ocupa el lugar 125, con 1.5 camas por cada mil habitantes (las camas de hospital incluyen camas para pacientes hospitalizados disponibles en hospitales p\u00fablicos, privados, generales y especializados y centros de rehabilitaci\u00f3n) y comparte el mismo n\u00famero de camas con los pa\u00edses de Ecuador (lugar 123) Colombia (124) Laos (126) y Siria (127).&nbsp;<\/p>\n\n\n\n<p>M\u00f3naco ocupa el primer lugar con 13.8 camas, seguido de Jap\u00f3n con 13.4 y Corea del Norte con 13.2 camas. Los \u00faltimos lugares son: Mal\u00ed con 0.1 camas, Madagascar e Ir\u00e1n con 0.2<\/p>\n\n\n\n<p>Creo que con 1.5 camas, mis abuelos tienen menos esperanza de obtener alguna, mucho menos accesar a ventiladores que apenas va a comprar el Gobierno Federal.<\/p>\n\n\n\n<p>La tendencia en otros pa\u00edses es darle prioridad a los j\u00f3venes, garant\u00eda de mano de obra para&nbsp; cualquier  pa\u00eds. \u00bfY en M\u00e9xico?<\/p>\n\n\n\n<p>Espero no lleguemos a ese punto cr\u00edtico de decisi\u00f3n. Siga las indicaciones de la Secretar\u00eda de Salud&#8230; no son vacaciones, no salga de casa, a menos de que tenga una \u201craz\u00f3n esencial\u201d.<\/p>\n\n\n\n<p>@NumerosRojos_BC<\/p>\n\n\n\n<p><a href=\"mailto:caballero_brenda@hotmail.com\" target=\"_blank\" rel=\"noreferrer noopener\">caballero_brenda@hotmail.com<\/a>&nbsp;<\/p>\n","protected":false},"excerpt":{"rendered":"<p>N\u00fameros Rojos Brenda Caballero Un matrimonio camina lentamente hacia el parque. Ella lleva a una ni\u00f1a de la mano y \u00e9l a un peque\u00f1o en un carrito de paseo. En la esquina, dos j\u00f3venes ven sus cron\u00f3metros; en short y tenis corren alrededor del \u00e1rea verde. Al fondo, junto a los juegos, un vecino juega [&hellip;]<\/p>\n","protected":false},"author":1,"featured_media":387,"comment_status":"open","ping_status":"open","sticky":false,"template":"","format":"standard","meta":{"_jetpack_memberships_contains_paid_content":false,"footnotes":""},"categories":[11],"tags":[],"class_list":["post-1393","post","type-post","status-publish","format-standard","has-post-thumbnail","hentry","category-opinion"],"jetpack_featured_media_url":"https:\/\/encuentroinformativo.com.mx\/wp-content\/uploads\/2020\/03\/7CF8A22B-2764-47BE-8F7F-38FE9E5D6A2F.jpeg","jetpack_sharing_enabled":true,"jetpack_likes_enabled":true,"amp_enabled":true,"_links":{"self":[{"href":"https:\/\/encuentroinformativo.com.mx\/index.php?rest_route=\/wp\/v2\/posts\/1393","targetHints":{"allow":["GET"]}}],"collection":[{"href":"https:\/\/encuentroinformativo.com.mx\/index.php?rest_route=\/wp\/v2\/posts"}],"about":[{"href":"https:\/\/encuentroinformativo.com.mx\/index.php?rest_route=\/wp\/v2\/types\/post"}],"author":[{"embeddable":true,"href":"https:\/\/encuentroinformativo.com.mx\/index.php?rest_route=\/wp\/v2\/users\/1"}],"replies":[{"embeddable":true,"href":"https:\/\/encuentroinformativo.com.mx\/index.php?rest_route=%2Fwp%2Fv2%2Fcomments&post=1393"}],"version-history":[{"count":1,"href":"https:\/\/encuentroinformativo.com.mx\/index.php?rest_route=\/wp\/v2\/posts\/1393\/revisions"}],"predecessor-version":[{"id":1394,"href":"https:\/\/encuentroinformativo.com.mx\/index.php?rest_route=\/wp\/v2\/posts\/1393\/revisions\/1394"}],"wp:featuredmedia":[{"embeddable":true,"href":"https:\/\/encuentroinformativo.com.mx\/index.php?rest_route=\/wp\/v2\/media\/387"}],"wp:attachment":[{"href":"https:\/\/encuentroinformativo.com.mx\/index.php?rest_route=%2Fwp%2Fv2%2Fmedia&parent=1393"}],"wp:term":[{"taxonomy":"category","embeddable":true,"href":"https:\/\/encuentroinformativo.com.mx\/index.php?rest_route=%2Fwp%2Fv2%2Fcategories&post=1393"},{"taxonomy":"post_tag","embeddable":true,"href":"https:\/\/encuentroinformativo.com.mx\/index.php?rest_route=%2Fwp%2Fv2%2Ftags&post=1393"}],"curies":[{"name":"wp","href":"https:\/\/api.w.org\/{rel}","templated":true}]}}