{"id":13933,"date":"2021-05-10T18:46:11","date_gmt":"2021-05-10T23:46:11","guid":{"rendered":"https:\/\/encuentroinformativo.com.mx\/?p=13933"},"modified":"2021-05-10T18:46:15","modified_gmt":"2021-05-10T23:46:15","slug":"se-deslinda-ayuntamiento-de-busqueda-de-fosas-en-palo-verde","status":"publish","type":"post","link":"https:\/\/encuentroinformativo.com.mx\/?p=13933","title":{"rendered":"Se deslinda Ayuntamiento de b\u00fasqueda de fosas en Palo Verde"},"content":{"rendered":"\n<p><strong>Dar\u00edo Pale <\/strong><\/p>\n\n\n\n<p>Xalapa, Ver.- La\u00a0se\u00f1ora Mar\u00eda Elena Guti\u00e9rrez, del colectivo Buscando a nuestros desaparecidos y desaparecidas Veracruz ret\u00f3 al mun\u00edcipe a que pruebe que no hay fosas clandestinas en ese lugar, esto despu\u00e9s de que\u00a0el alcalde de Xalapa, Hip\u00f3lito Rodr\u00edguez Herrero, se deslindaba de la responsabilidad de investigar si hay fosas clandestinas en el pante\u00f3n Palo Verde.<\/p>\n\n\n\n<p>Entrevistado en las calles del centro de Xalapa el presidente municipal rechaz\u00f3 que se les haya negado el permiso a los colectivos para investigar y defini\u00f3 que se trata de una atribuci\u00f3n de la FGE,\u00a0&#8220;es un tema que es importante que este la Fiscal\u00eda, porque la Fiscal\u00eda es la que tiene las atribuciones legales, jur\u00eddicas, institucionales para estudiar e investigar, nosotros no tenemos esa facultad&#8221;.<\/p>\n\n\n\n<p>Dio a conocer que supuestamente hay un pol\u00edgono en el que se supone que hay cuerpos, pero recalc\u00f3 que quien debe investigar es la Fiscal\u00eda, por lo qu\u00e9\u00a0justificaba que este problema viene de tiempo atr\u00e1s, no desde su gesti\u00f3n cuando la se\u00f1ora Mar\u00eda Elena lo ret\u00f3 a qu\u00e9 probara que no hay fosas clandestinas en el pante\u00f3n.<\/p>\n\n\n\n<p>Le reclam\u00f3 a lo que el Alcalde le repiti\u00f3 que el pante\u00f3n est\u00e1 abierto a qu\u00e9 se investigue lo que los colectivos deseen,\u00a0&#8220;te reto a que me digas lo que acabas de comentar, que no hay fosas clandestinas&#8230;vamos a hacer exhumaciones&#8221;.<\/p>\n\n\n\n<p>La v\u00edctima de desaparici\u00f3n le pidi\u00f3 que definiera si ya puede entrar a investigar la Fiscal\u00eda y la respuesta fue que siempre ha estado abierto,\u00a0&#8220;porque s\u00ed hay fosas clandestinas, s\u00ed hay inhumaciones que violan los derechos humanos de las personas desaparecidas y de los familiares&#8221;.<\/p>\n\n\n\n<p>Asimismo, Rodr\u00edguez Herrero recalc\u00f3 que existe el compromiso de abrir un espacio para depositar los cuerpos que no est\u00e9n identificados por parte de la Fiscal\u00eda.<\/p>\n\n\n\n<p>La afectada puntualiz\u00f3 que hay m\u00e1s de 90 puntos en donde debe haber m\u00e1s de 90 cuerpos inhumados por la Fiscal\u00eda General del Estado, que se supone debe tener conocimiento el Ayuntamiento y lo que exigen es saber d\u00f3nde est\u00e1n sus familiares.<\/p>\n\n\n\n<p>Mientras que el edil dio a conocer que supuestamente hay un pol\u00edgono en el que se supone que hay cuerpos, pero recalc\u00f3 que quien debe investigar es la Fiscal\u00eda, por lo qu\u00e9\u00a0justificaba que este problema viene de tiempo atr\u00e1s, no desde su gesti\u00f3n cuando la se\u00f1ora Mar\u00eda Elena lo ret\u00f3 a qu\u00e9 probara que no hay fosas clandestinas en el pante\u00f3n.<\/p>\n\n\n\n<p>Le reclam\u00f3 a lo que el Alcalde le repiti\u00f3 que el pante\u00f3n est\u00e1 abierto a qu\u00e9 se investigue lo que los colectivos deseen,\u00a0&#8220;te reto a que me digas lo que acabas de comentar, que no hay fosas clandestinas&#8230;vamos a hacer exhumaciones&#8221;.<\/p>\n\n\n\n<p>La v\u00edctima de desaparici\u00f3n le pidi\u00f3 que definiera si ya puede entrar a investigar la Fiscal\u00eda y la respuesta fue que siempre ha estado abierto,\u00a0&#8220;porque s\u00ed hay fosas clandestinas, s\u00ed hay inhumaciones que violan los derechos humanos de las personas desaparecidas y de los familiares&#8221;.<\/p>\n\n\n\n<p>Asimismo, Rodr\u00edguez Herrero recalc\u00f3 que existe el compromiso de abrir un espacio para depositar los cuerpos que no est\u00e9n identificados por parte de la Fiscal\u00eda.<\/p>\n\n\n\n<p>La afectada puntualiz\u00f3 que hay m\u00e1s de 90 puntos en donde debe haber m\u00e1s de 90 cuerpos inhumados por la Fiscal\u00eda General del Estado, que se supone debe tener conocimiento el Ayuntamiento y lo que exigen es saber d\u00f3nde est\u00e1n sus familiares.<\/p>\n","protected":false},"excerpt":{"rendered":"<p>Dar\u00edo Pale Xalapa, Ver.- La\u00a0se\u00f1ora Mar\u00eda Elena Guti\u00e9rrez, del colectivo Buscando a nuestros desaparecidos y desaparecidas Veracruz ret\u00f3 al mun\u00edcipe a que pruebe que no hay fosas clandestinas en ese lugar, esto despu\u00e9s de que\u00a0el alcalde de Xalapa, Hip\u00f3lito Rodr\u00edguez Herrero, se deslindaba de la responsabilidad de investigar si hay fosas clandestinas en el pante\u00f3n [&hellip;]<\/p>\n","protected":false},"author":1,"featured_media":13934,"comment_status":"open","ping_status":"open","sticky":false,"template":"","format":"standard","meta":{"_jetpack_memberships_contains_paid_content":false,"footnotes":""},"categories":[3],"tags":[],"class_list":["post-13933","post","type-post","status-publish","format-standard","has-post-thumbnail","hentry","category-xalapa"],"jetpack_featured_media_url":"https:\/\/encuentroinformativo.com.mx\/wp-content\/uploads\/2021\/05\/07737448-9528-4BD2-81AA-691642A10F4E.jpeg","jetpack_sharing_enabled":true,"jetpack_likes_enabled":true,"amp_enabled":true,"_links":{"self":[{"href":"https:\/\/encuentroinformativo.com.mx\/index.php?rest_route=\/wp\/v2\/posts\/13933","targetHints":{"allow":["GET"]}}],"collection":[{"href":"https:\/\/encuentroinformativo.com.mx\/index.php?rest_route=\/wp\/v2\/posts"}],"about":[{"href":"https:\/\/encuentroinformativo.com.mx\/index.php?rest_route=\/wp\/v2\/types\/post"}],"author":[{"embeddable":true,"href":"https:\/\/encuentroinformativo.com.mx\/index.php?rest_route=\/wp\/v2\/users\/1"}],"replies":[{"embeddable":true,"href":"https:\/\/encuentroinformativo.com.mx\/index.php?rest_route=%2Fwp%2Fv2%2Fcomments&post=13933"}],"version-history":[{"count":1,"href":"https:\/\/encuentroinformativo.com.mx\/index.php?rest_route=\/wp\/v2\/posts\/13933\/revisions"}],"predecessor-version":[{"id":13935,"href":"https:\/\/encuentroinformativo.com.mx\/index.php?rest_route=\/wp\/v2\/posts\/13933\/revisions\/13935"}],"wp:featuredmedia":[{"embeddable":true,"href":"https:\/\/encuentroinformativo.com.mx\/index.php?rest_route=\/wp\/v2\/media\/13934"}],"wp:attachment":[{"href":"https:\/\/encuentroinformativo.com.mx\/index.php?rest_route=%2Fwp%2Fv2%2Fmedia&parent=13933"}],"wp:term":[{"taxonomy":"category","embeddable":true,"href":"https:\/\/encuentroinformativo.com.mx\/index.php?rest_route=%2Fwp%2Fv2%2Fcategories&post=13933"},{"taxonomy":"post_tag","embeddable":true,"href":"https:\/\/encuentroinformativo.com.mx\/index.php?rest_route=%2Fwp%2Fv2%2Ftags&post=13933"}],"curies":[{"name":"wp","href":"https:\/\/api.w.org\/{rel}","templated":true}]}}