{"id":13936,"date":"2021-05-11T09:36:55","date_gmt":"2021-05-11T14:36:55","guid":{"rendered":"https:\/\/encuentroinformativo.com.mx\/?p=13936"},"modified":"2021-05-11T09:37:00","modified_gmt":"2021-05-11T14:37:00","slug":"tato-bastida-y-tello","status":"publish","type":"post","link":"https:\/\/encuentroinformativo.com.mx\/?p=13936","title":{"rendered":"Tato, Bastida y Tello"},"content":{"rendered":"\n<p><strong>Los Pol\u00edticos<\/strong><\/p>\n\n\n\n<p><strong>Salvador Mu\u00f1oz<\/strong><\/p>\n\n\n\n<p>Comentaron que Claudia Tello, candidata a diputada federal por uno de los distritos de Xalapa, estuvo en la marcha que le organizaron a Ricardo Ahued, candidato a la presidencia municipal, el domingo, en la capital xalape\u00f1a\u2026 por supuesto, si estuvo, ni la vi\u2026 en ya casi tres a\u00f1os, es un rostro que muchos xalape\u00f1os no conocimos ni conocemos, y por ende, no identificamos.<\/p>\n\n\n\n<p>As\u00ed, mientras Claudia Tello, aspirante a repetir en la curul federal del Distrito VIII, se paseaba al lado de Ricardo Ahued en aras de que le convide del arrastre que trae el empresario, en Mesa de Guadalupe, all\u00e1 en Alto Lucero, sin hacer tanta alharaca, se cocinaba una alianza que deja a un lado a esta diputada federal: el compromiso de Rom\u00e1n Bastida Huesca para impulsar el triunfo de Tato Vega Yunes en ese distrito.<\/p>\n\n\n\n<p>Vamos por partes\u2026<\/p>\n\n\n\n<p>Rom\u00e1n Bastida Huesca es candidato a diputado local por el distrito de Misantla bajo las siglas del partido Verde Ecologista. Tato Vega Yunes, de Fuerza Por M\u00e9xico, disputa la curul federal con Miguel Castillo, de Movimiento Ciudadano; y Adolfo Mota, de la alianza Va por M\u00e9xico.<\/p>\n\n\n\n<p>Lo interesante es ver a Rom\u00e1n Bastida declarar todo el apoyo para Tato Vega en aras de que sea diputado federal cuando lo l\u00f3gico es que lo hiciera por el partido con el que a nivel federal, el Verde est\u00e1 apoyando: Morena.<\/p>\n\n\n\n<p>Ac\u00e1 hay de tres sopas:<\/p>\n\n\n\n<p>1.- A lo mejor a Bastida Huesca le pas\u00f3 lo que a muchos xalape\u00f1os ocurri\u00f3 con Claudia Tello: No la conoce, y si no la conoce, es porque no hay trabajo que la identifique; y si no tiene trabajo, pues para qu\u00e9 apoyar a alguien que nom\u00e1s supo levantar el dedo\u2026 culiparlante.<\/p>\n\n\n\n<p>2.- A lo mejor Bastida Huesca conoce a Tato Vega Yunes, no s\u00f3lo por nombre y apellido, sino por el trabajo que \u00e9ste hizo cuando estuvo al frente de la subsecretar\u00eda de Sedesol, en la Coordinaci\u00f3n Estatal de Junta de Mejoras o bien, en la CAEV\u2026 o sea, conoce su trabajo\u2026 algo que Claudia Tello no tiene.<\/p>\n\n\n\n<p>3.- O simplemente Tato Vega y Rom\u00e1n Bastida Huesca dialogaron, pactaron y acordaron lo que, en la uni\u00f3n de esfuerzos y fuerzas, puede ser lo mejor para Veracruz y tambi\u00e9n para ambos: consolidar sus proyectos pol\u00edticos.<\/p>\n\n\n\n<p>Lo que hizo Tato Vega Yunes no es para sorprender porque de esto y muchas otras cosas, se trata la pol\u00edtica: acordar&#8230; que es muy diferente a lo que Claudia Tello pretende al ir en bola a una manifestaci\u00f3n de apoyo a Ahued: subirse a la ola sin bracear.<\/p>\n\n\n\n<p>Reitero: Lo que hizo Tato, no debe sorprender como tampoco el hecho de que Rom\u00e1n Bastida vaya a ser el \u00fanico aliado que est\u00e9 con Vega Yunes, de aqu\u00ed al seis de junio, \u2026 es seguro que haya m\u00e1s y si no, que me desmienta el representante de la Catem en Veracruz.<\/p>\n\n\n\n<p>Por cierto, hablando de la manifestaci\u00f3n del domingo en apoyo a Ahued, hay algunas cosas que resaltar:<\/p>\n\n\n\n<p>1.- \u00bfPor qu\u00e9 se espantan? Todos los partidos las hacen.<\/p>\n\n\n\n<p>2.- Si es cierto que apretaron a empleados de Gobierno a asistir, pues de qu\u00e9 se espantan\u2026 si me obligaran a m\u00ed a ir, el seis de junio me desquitar\u00eda en las urnas.<\/p>\n\n\n\n<p>3.- Algo hay de cierto\u2026 si tanto se presume del arrastre de Ahued en Xalapa, es totalmente innecesario este tipo de espect\u00e1culos que no van con la imagen del empresario y s\u00ed con una pol\u00edtica vieja pero no por ello, lejos de seguir siendo usada por Morena\u2026 y el resto de los partidos.<\/p>\n\n\n\n<p>4.- Realmente no parece una marcha en apoyo de Ahued, sino al resto de candidatos que no tienen la simpat\u00eda de los xalape\u00f1os como la que guarda el empresario, a quien hacen verlo como el que jala una carreta\u2026 y no como un candidato.<\/p>\n\n\n\n<p><a href=\"mailto:smcainito@gmail.com\" target=\"_blank\" rel=\"noreferrer noopener\">smcainito@gmail.com<\/a><\/p>\n","protected":false},"excerpt":{"rendered":"<p>Los Pol\u00edticos Salvador Mu\u00f1oz Comentaron que Claudia Tello, candidata a diputada federal por uno de los distritos de Xalapa, estuvo en la marcha que le organizaron a Ricardo Ahued, candidato a la presidencia municipal, el domingo, en la capital xalape\u00f1a\u2026 por supuesto, si estuvo, ni la vi\u2026 en ya casi tres a\u00f1os, es un rostro [&hellip;]<\/p>\n","protected":false},"author":1,"featured_media":70,"comment_status":"open","ping_status":"open","sticky":false,"template":"","format":"standard","meta":{"_jetpack_memberships_contains_paid_content":false,"footnotes":""},"categories":[11],"tags":[],"class_list":["post-13936","post","type-post","status-publish","format-standard","has-post-thumbnail","hentry","category-opinion"],"jetpack_featured_media_url":"https:\/\/encuentroinformativo.com.mx\/wp-content\/uploads\/2020\/02\/opinion-invitado.jpg","jetpack_sharing_enabled":true,"jetpack_likes_enabled":true,"amp_enabled":true,"_links":{"self":[{"href":"https:\/\/encuentroinformativo.com.mx\/index.php?rest_route=\/wp\/v2\/posts\/13936","targetHints":{"allow":["GET"]}}],"collection":[{"href":"https:\/\/encuentroinformativo.com.mx\/index.php?rest_route=\/wp\/v2\/posts"}],"about":[{"href":"https:\/\/encuentroinformativo.com.mx\/index.php?rest_route=\/wp\/v2\/types\/post"}],"author":[{"embeddable":true,"href":"https:\/\/encuentroinformativo.com.mx\/index.php?rest_route=\/wp\/v2\/users\/1"}],"replies":[{"embeddable":true,"href":"https:\/\/encuentroinformativo.com.mx\/index.php?rest_route=%2Fwp%2Fv2%2Fcomments&post=13936"}],"version-history":[{"count":1,"href":"https:\/\/encuentroinformativo.com.mx\/index.php?rest_route=\/wp\/v2\/posts\/13936\/revisions"}],"predecessor-version":[{"id":13937,"href":"https:\/\/encuentroinformativo.com.mx\/index.php?rest_route=\/wp\/v2\/posts\/13936\/revisions\/13937"}],"wp:featuredmedia":[{"embeddable":true,"href":"https:\/\/encuentroinformativo.com.mx\/index.php?rest_route=\/wp\/v2\/media\/70"}],"wp:attachment":[{"href":"https:\/\/encuentroinformativo.com.mx\/index.php?rest_route=%2Fwp%2Fv2%2Fmedia&parent=13936"}],"wp:term":[{"taxonomy":"category","embeddable":true,"href":"https:\/\/encuentroinformativo.com.mx\/index.php?rest_route=%2Fwp%2Fv2%2Fcategories&post=13936"},{"taxonomy":"post_tag","embeddable":true,"href":"https:\/\/encuentroinformativo.com.mx\/index.php?rest_route=%2Fwp%2Fv2%2Ftags&post=13936"}],"curies":[{"name":"wp","href":"https:\/\/api.w.org\/{rel}","templated":true}]}}