{"id":13938,"date":"2021-05-11T11:40:28","date_gmt":"2021-05-11T16:40:28","guid":{"rendered":"https:\/\/encuentroinformativo.com.mx\/?p=13938"},"modified":"2021-05-11T11:40:32","modified_gmt":"2021-05-11T16:40:32","slug":"acusan-docentes-despidos-injustificados-en-cecytev","status":"publish","type":"post","link":"https:\/\/encuentroinformativo.com.mx\/?p=13938","title":{"rendered":"Acusan docentes despidos injustificados en Cecytev"},"content":{"rendered":"\n<p><strong>Juan Arcos<\/strong> <\/p>\n\n\n\n<p>Xalapa, Ver.- Trabajadores del Colegio de Estudios Cient\u00edficos y Tecnol\u00f3gicos del Estado de Veracruz (Cecytev) protestaron frente a Palacio de Gobierno para denunciar que contin\u00faan los despidos injustificados en distintos planteles de la entidad.<\/p>\n\n\n\n<p>Los integrantes del Sindicato Independiente de Trabajadores al Servicio de la Secretar\u00eda de Educaci\u00f3n P\u00fablica (Sitssep) acusaron al director general del Cecytev, Javier Baizabal Cordero, del reciente despido de una de sus compa\u00f1eras. <\/p>\n\n\n\n<p>De acuerdo con Geisel Loeza Moreno, docente desde hace 16 a\u00f1os en el Cecytev del municipio de Atzalan, se han contabilizado 17 despidos injustificados en los \u00faltimos cuatro a\u00f1os.<\/p>\n\n\n\n<p>Adem\u00e1s, consider\u00f3 que dicha situaci\u00f3n podr\u00eda deberse a que los trabajadores est\u00e1n conformando un nuevo sindicato estatal.<\/p>\n\n\n\n<p>\u201cNo puede ser posible que aunque ya estamos afiliados a un sindicato nacional nos est\u00e9n pidiendo ahorita una toma de nota estatal, que por protocolo debe ser as\u00ed y estamos en ese ejercicio ante el TECA (Tribunal Estatal de Conciliaci\u00f3n y Arbitraje), para que nos proporcionen la toma de nota\u201d.<\/p>\n\n\n\n<p>El entrevistado record\u00f3 que otro trabajador fue citado a oficinas centrales y temen que se trate de un nuevo despido injustificado.<\/p>\n\n\n\n<p>\u201cNo le manifestaron nada como a la compa\u00f1era, viene de Otatitl\u00e1n, le dijeron que se ten\u00eda que presentar, lamentablemente por la distancia no se present\u00f3 el d\u00eda que le llamaron por tel\u00e9fono y en lo sucesivo hubo la recomendaci\u00f3n que se presentar\u00e1 al siguiente d\u00eda. As\u00ed fue en el caso de la compa\u00f1era directora, la hicieron firmar su renuncia\u201d.<\/p>\n\n\n\n<p>Los docentes pidieron la intervenci\u00f3n del gobernador Cuitl\u00e1huac Garc\u00eda Jim\u00e9nez, y del titular de la Secretar\u00eda de Educaci\u00f3n de Veracruz (SEV), Zenyazen Escobar Garc\u00eda, para que cesen dichos abusos al interior del Cecytev.<\/p>\n","protected":false},"excerpt":{"rendered":"<p>Juan Arcos Xalapa, Ver.- Trabajadores del Colegio de Estudios Cient\u00edficos y Tecnol\u00f3gicos del Estado de Veracruz (Cecytev) protestaron frente a Palacio de Gobierno para denunciar que contin\u00faan los despidos injustificados en distintos planteles de la entidad. Los integrantes del Sindicato Independiente de Trabajadores al Servicio de la Secretar\u00eda de Educaci\u00f3n P\u00fablica (Sitssep) acusaron al director [&hellip;]<\/p>\n","protected":false},"author":1,"featured_media":13939,"comment_status":"open","ping_status":"open","sticky":false,"template":"","format":"standard","meta":{"_jetpack_memberships_contains_paid_content":false,"footnotes":""},"categories":[3],"tags":[],"class_list":["post-13938","post","type-post","status-publish","format-standard","has-post-thumbnail","hentry","category-xalapa"],"jetpack_featured_media_url":"https:\/\/encuentroinformativo.com.mx\/wp-content\/uploads\/2021\/05\/28ED4AC8-EA95-491D-8785-68ED1261C178.jpeg","jetpack_sharing_enabled":true,"jetpack_likes_enabled":true,"amp_enabled":true,"_links":{"self":[{"href":"https:\/\/encuentroinformativo.com.mx\/index.php?rest_route=\/wp\/v2\/posts\/13938","targetHints":{"allow":["GET"]}}],"collection":[{"href":"https:\/\/encuentroinformativo.com.mx\/index.php?rest_route=\/wp\/v2\/posts"}],"about":[{"href":"https:\/\/encuentroinformativo.com.mx\/index.php?rest_route=\/wp\/v2\/types\/post"}],"author":[{"embeddable":true,"href":"https:\/\/encuentroinformativo.com.mx\/index.php?rest_route=\/wp\/v2\/users\/1"}],"replies":[{"embeddable":true,"href":"https:\/\/encuentroinformativo.com.mx\/index.php?rest_route=%2Fwp%2Fv2%2Fcomments&post=13938"}],"version-history":[{"count":1,"href":"https:\/\/encuentroinformativo.com.mx\/index.php?rest_route=\/wp\/v2\/posts\/13938\/revisions"}],"predecessor-version":[{"id":13940,"href":"https:\/\/encuentroinformativo.com.mx\/index.php?rest_route=\/wp\/v2\/posts\/13938\/revisions\/13940"}],"wp:featuredmedia":[{"embeddable":true,"href":"https:\/\/encuentroinformativo.com.mx\/index.php?rest_route=\/wp\/v2\/media\/13939"}],"wp:attachment":[{"href":"https:\/\/encuentroinformativo.com.mx\/index.php?rest_route=%2Fwp%2Fv2%2Fmedia&parent=13938"}],"wp:term":[{"taxonomy":"category","embeddable":true,"href":"https:\/\/encuentroinformativo.com.mx\/index.php?rest_route=%2Fwp%2Fv2%2Fcategories&post=13938"},{"taxonomy":"post_tag","embeddable":true,"href":"https:\/\/encuentroinformativo.com.mx\/index.php?rest_route=%2Fwp%2Fv2%2Ftags&post=13938"}],"curies":[{"name":"wp","href":"https:\/\/api.w.org\/{rel}","templated":true}]}}