{"id":13941,"date":"2021-05-11T12:18:51","date_gmt":"2021-05-11T17:18:51","guid":{"rendered":"https:\/\/encuentroinformativo.com.mx\/?p=13941"},"modified":"2021-05-11T12:18:54","modified_gmt":"2021-05-11T17:18:54","slug":"mayo-mes-de-mejor-repunte-hoteleros","status":"publish","type":"post","link":"https:\/\/encuentroinformativo.com.mx\/?p=13941","title":{"rendered":"Mayo, mes de mejor repunte: Hoteleros"},"content":{"rendered":"\n<p><strong>Alejandro \u00c1vila<\/strong><\/p>\n\n\n\n<p>Veracruz, Ver.- Durante abril y mayo se han registrado los mejores n\u00fameros para los hoteleros de la ciudad de Veracruz y Boca del R\u00edo, se\u00f1al\u00f3 Santiago Caram\u00e9s Chaparro.<\/p>\n\n\n\n<p>El empresario mencion\u00f3 que durante todo abril el promedio de ocupaci\u00f3n hotelera fue de un cincuenta por ciento, mientras que este \u00faltimo fin de semana de mayo, se elev\u00f3 hasta el 70 por ciento, por lo que las proyecciones a futuro son buenas.<\/p>\n\n\n\n<p>&#8220;Mira, el mes de abril estabamos sobre un 40 por ciento de ocupaci\u00f3n en promedio, y en mayo, ya estamos alcanzando el 50 por ciento de ocupaci\u00f3n en promedio, te hablo de toda la semana (\u2026) el dato de la semana del fin de semana, te puedo decir que entre viernes y s\u00e1bado s\u00ed estuvimos sobre el 70 por ciento, s\u00ed fue un buen fin de semana&#8221;, apunt\u00f3.<\/p>\n\n\n\n<p>En ese sentido, coment\u00f3 que en pl\u00e1ticas con turistas, estos les han externados que existe una necesidad por viajar, salir y despejarse de los meses de encierro, siendo la ciudad de Veracruz un destino atractivo y econ\u00f3mico.<\/p>\n\n\n\n<p>Caram\u00e9s Chaparro coment\u00f3 para finalizar que, de seguir este nivel, y la semaforizaci\u00f3n en verde, para la temporada de verano se podr\u00edan recuperar las reservaciones y ocupaci\u00f3n de habitaciones tal y como las ten\u00edan en otros a\u00f1os.&nbsp;<\/p>\n","protected":false},"excerpt":{"rendered":"<p>Alejandro \u00c1vila Veracruz, Ver.- Durante abril y mayo se han registrado los mejores n\u00fameros para los hoteleros de la ciudad de Veracruz y Boca del R\u00edo, se\u00f1al\u00f3 Santiago Caram\u00e9s Chaparro. El empresario mencion\u00f3 que durante todo abril el promedio de ocupaci\u00f3n hotelera fue de un cincuenta por ciento, mientras que este \u00faltimo fin de semana [&hellip;]<\/p>\n","protected":false},"author":1,"featured_media":13942,"comment_status":"open","ping_status":"open","sticky":false,"template":"","format":"standard","meta":{"_jetpack_memberships_contains_paid_content":false,"footnotes":""},"categories":[2],"tags":[],"class_list":["post-13941","post","type-post","status-publish","format-standard","has-post-thumbnail","hentry","category-estado"],"jetpack_featured_media_url":"https:\/\/encuentroinformativo.com.mx\/wp-content\/uploads\/2021\/05\/2FC1370F-0D40-4E20-ACC9-DA799430D1D2.jpeg","jetpack_sharing_enabled":true,"jetpack_likes_enabled":true,"amp_enabled":true,"_links":{"self":[{"href":"https:\/\/encuentroinformativo.com.mx\/index.php?rest_route=\/wp\/v2\/posts\/13941","targetHints":{"allow":["GET"]}}],"collection":[{"href":"https:\/\/encuentroinformativo.com.mx\/index.php?rest_route=\/wp\/v2\/posts"}],"about":[{"href":"https:\/\/encuentroinformativo.com.mx\/index.php?rest_route=\/wp\/v2\/types\/post"}],"author":[{"embeddable":true,"href":"https:\/\/encuentroinformativo.com.mx\/index.php?rest_route=\/wp\/v2\/users\/1"}],"replies":[{"embeddable":true,"href":"https:\/\/encuentroinformativo.com.mx\/index.php?rest_route=%2Fwp%2Fv2%2Fcomments&post=13941"}],"version-history":[{"count":1,"href":"https:\/\/encuentroinformativo.com.mx\/index.php?rest_route=\/wp\/v2\/posts\/13941\/revisions"}],"predecessor-version":[{"id":13943,"href":"https:\/\/encuentroinformativo.com.mx\/index.php?rest_route=\/wp\/v2\/posts\/13941\/revisions\/13943"}],"wp:featuredmedia":[{"embeddable":true,"href":"https:\/\/encuentroinformativo.com.mx\/index.php?rest_route=\/wp\/v2\/media\/13942"}],"wp:attachment":[{"href":"https:\/\/encuentroinformativo.com.mx\/index.php?rest_route=%2Fwp%2Fv2%2Fmedia&parent=13941"}],"wp:term":[{"taxonomy":"category","embeddable":true,"href":"https:\/\/encuentroinformativo.com.mx\/index.php?rest_route=%2Fwp%2Fv2%2Fcategories&post=13941"},{"taxonomy":"post_tag","embeddable":true,"href":"https:\/\/encuentroinformativo.com.mx\/index.php?rest_route=%2Fwp%2Fv2%2Ftags&post=13941"}],"curies":[{"name":"wp","href":"https:\/\/api.w.org\/{rel}","templated":true}]}}