{"id":13955,"date":"2021-05-11T14:07:01","date_gmt":"2021-05-11T19:07:01","guid":{"rendered":"https:\/\/encuentroinformativo.com.mx\/?p=13955"},"modified":"2021-05-11T14:07:04","modified_gmt":"2021-05-11T19:07:04","slug":"sin-contratiempos-aplican-vacunas-a-poblacion-de-50-anos","status":"publish","type":"post","link":"https:\/\/encuentroinformativo.com.mx\/?p=13955","title":{"rendered":"Sin contratiempos, aplican vacunas a poblaci\u00f3n de 50 a\u00f1os"},"content":{"rendered":"\n<p><strong>Juan Arcos <\/strong><\/p>\n\n\n\n<p>Xalapa, Ver.- Sin contratiempos inici\u00f3 la vacunaci\u00f3n contra el SARS-COV-2 (COVID-19) a personas de entre 50 y 59 a\u00f1os en Xalapa, la capital del estado, donde las fuertes lluvias registradas la ma\u00f1ana de este martes no fueron impedimento para la poblaci\u00f3n.<\/p>\n\n\n\n<p>Desde las seis de la ma\u00f1ana, la gente hizo fila en las seis sedes habilitadas en la ciudad para inocular a dicho sector, donde algunas personas consideraron que el proceso fue r\u00e1pido.<\/p>\n\n\n\n<p>Las sedes que recibir\u00edan a un mayor n\u00famero de personas fueron instaladas en el gimnasio Nido del Halc\u00f3n y en la Benem\u00e9rita Escuela Normal Veracruzana \u201cEnrique C. R\u00e9bsamen\u201d.<\/p>\n\n\n\n<p>La subdirectora de Salud del ayuntamiento de Xalapa, Flor Patricia del \u00c1ngel Aguilar, mencion\u00f3 que el mal tiempo impidi\u00f3 que las personas llegaran a los centros de vacunaci\u00f3n una noche antes para apartar su lugar.<\/p>\n\n\n\n<p>Este martes 11 de mayo ser\u00edan inmunizadas las ciudadanas y ciudadanos que tengan apellidos con letra inicial de la A a la E; ma\u00f1ana 12 de mayo aquellas con letra inicial de la F a la J. Durante estos d\u00edas tambi\u00e9n podr\u00e1n registrarse en centros de vacunaci\u00f3n quienes no pueden movilizarse.<\/p>\n\n\n\n<p>Mientras que el 13 de mayo tocar\u00e1 a personas con la letra inicial de su apellido paterno de la K a la O; el 14 de mayo a la gente con apellido de la P a la T y el 15 de mayo de la U a la Z.<\/p>\n\n\n\n<p>El pr\u00f3ximo jueves 13 de mayo ser\u00e1 instalado un m\u00f3dulo de vacunaci\u00f3n en El Castillo, para recibir a los pobladores de las congregaciones Chiltoyac, Tronconal, 6 de Enero y colonias circunvecinas.<\/p>\n\n\n\n<p>Cabe mencionar que tambi\u00e9n se habilitaron centros de vacunaci\u00f3n en el Gimnasio de La Lagunilla, la Secundaria General 4 \u201cDavid Alfaro Siqueiros\u201d, la Secundaria T\u00e9cnica Industrial n\u00famero 97, el plantel 35 del Colegio de Bachilleres del Estado de Veracruz (Cobaev) y la Escuela Primaria \u201cPatria\u201d.<\/p>\n\n\n\n<p>Este d\u00eda tambi\u00e9n inici\u00f3 la vacunaci\u00f3n a personas de entre 50 y 59 a\u00f1os en el municipio de Mart\u00ednez de la Torre, ubicado en la zona norte del estado de Veracruz, donde tambi\u00e9n culminar\u00eda el pr\u00f3ximo jueves 13 de mayo.<\/p>\n","protected":false},"excerpt":{"rendered":"<p>Juan Arcos Xalapa, Ver.- Sin contratiempos inici\u00f3 la vacunaci\u00f3n contra el SARS-COV-2 (COVID-19) a personas de entre 50 y 59 a\u00f1os en Xalapa, la capital del estado, donde las fuertes lluvias registradas la ma\u00f1ana de este martes no fueron impedimento para la poblaci\u00f3n. Desde las seis de la ma\u00f1ana, la gente hizo fila en las [&hellip;]<\/p>\n","protected":false},"author":1,"featured_media":13956,"comment_status":"open","ping_status":"open","sticky":false,"template":"","format":"standard","meta":{"_jetpack_memberships_contains_paid_content":false,"footnotes":""},"categories":[9],"tags":[],"class_list":["post-13955","post","type-post","status-publish","format-standard","has-post-thumbnail","hentry","category-salud"],"jetpack_featured_media_url":"https:\/\/encuentroinformativo.com.mx\/wp-content\/uploads\/2021\/05\/389CB31E-73B0-4609-9048-7B1EFA08427F.jpeg","jetpack_sharing_enabled":true,"jetpack_likes_enabled":true,"amp_enabled":true,"_links":{"self":[{"href":"https:\/\/encuentroinformativo.com.mx\/index.php?rest_route=\/wp\/v2\/posts\/13955","targetHints":{"allow":["GET"]}}],"collection":[{"href":"https:\/\/encuentroinformativo.com.mx\/index.php?rest_route=\/wp\/v2\/posts"}],"about":[{"href":"https:\/\/encuentroinformativo.com.mx\/index.php?rest_route=\/wp\/v2\/types\/post"}],"author":[{"embeddable":true,"href":"https:\/\/encuentroinformativo.com.mx\/index.php?rest_route=\/wp\/v2\/users\/1"}],"replies":[{"embeddable":true,"href":"https:\/\/encuentroinformativo.com.mx\/index.php?rest_route=%2Fwp%2Fv2%2Fcomments&post=13955"}],"version-history":[{"count":1,"href":"https:\/\/encuentroinformativo.com.mx\/index.php?rest_route=\/wp\/v2\/posts\/13955\/revisions"}],"predecessor-version":[{"id":13957,"href":"https:\/\/encuentroinformativo.com.mx\/index.php?rest_route=\/wp\/v2\/posts\/13955\/revisions\/13957"}],"wp:featuredmedia":[{"embeddable":true,"href":"https:\/\/encuentroinformativo.com.mx\/index.php?rest_route=\/wp\/v2\/media\/13956"}],"wp:attachment":[{"href":"https:\/\/encuentroinformativo.com.mx\/index.php?rest_route=%2Fwp%2Fv2%2Fmedia&parent=13955"}],"wp:term":[{"taxonomy":"category","embeddable":true,"href":"https:\/\/encuentroinformativo.com.mx\/index.php?rest_route=%2Fwp%2Fv2%2Fcategories&post=13955"},{"taxonomy":"post_tag","embeddable":true,"href":"https:\/\/encuentroinformativo.com.mx\/index.php?rest_route=%2Fwp%2Fv2%2Ftags&post=13955"}],"curies":[{"name":"wp","href":"https:\/\/api.w.org\/{rel}","templated":true}]}}