{"id":13967,"date":"2021-05-11T15:02:31","date_gmt":"2021-05-11T20:02:31","guid":{"rendered":"https:\/\/encuentroinformativo.com.mx\/?p=13967"},"modified":"2021-05-11T15:02:33","modified_gmt":"2021-05-11T20:02:33","slug":"confirma-gobernador-privacion-de-libertad-de-marina-garay","status":"publish","type":"post","link":"https:\/\/encuentroinformativo.com.mx\/?p=13967","title":{"rendered":"Confirma gobernador privaci\u00f3n de libertad de Marina Garay"},"content":{"rendered":"\n<p><strong>Juan Arcos<\/strong><\/p>\n\n\n\n<p>Xalapa, Ver.- El gobernador de Veracruz, Cuitl\u00e1huac Garc\u00eda Jim\u00e9nez, confirm\u00f3 que fue privada de la libertad Marina Garay Cabada, madre del presidente municipal de San Andr\u00e9s Tuxtla, Octavio P\u00e9rez Garay, de extracci\u00f3n priista.<\/p>\n\n\n\n<p>El mandatario revel\u00f3 que los hechos ocurrieron la ma\u00f1ana de este martes 11 de mayo en dicha demarcaci\u00f3n, ubicada en la zona sur de la entidad, donde el Alcalde solicit\u00f3 el apoyo del gobierno estatal.<\/p>\n\n\n\n<p>Por tal motivo, se despleg\u00f3 un amplio operativo en la zona por parte de todas las fuerzas del orden, para encontrarla lo antes posible y capturar a los presuntos secuestradores.<\/p>\n\n\n\n<p>En conferencia de prensa, realizada en Palacio de Gobierno, el titular del Poder Ejecutivo en Veracruz asegur\u00f3 que se trabaja \u201cde frente\u201d contra la delincuencia y que la prioridad es la localizaci\u00f3n de Marina Garay, exdiputada y expresidenta municipal de San Andr\u00e9s Tuxtla.<\/p>\n\n\n\n<p>Garc\u00eda Jim\u00e9nez dio a conocer que se comunic\u00f3 con la titular de la Fiscal\u00eda General del Estado (FGE), Ver\u00f3nica Hern\u00e1ndez Giad\u00e1ns, para dar seguimiento puntual al caso e iniciar la investigaci\u00f3n correspondiente.<\/p>\n\n\n\n<p>Adem\u00e1s, destac\u00f3 la importancia de que el Presidente Municipal presente la denuncia formal en la Fiscal\u00eda por la privaci\u00f3n de la libertad de su madre.<\/p>\n\n\n\n<p>El Gobernador de Veracruz record\u00f3 que en San Andr\u00e9s Tuxtla fue desarmada la Polic\u00eda Municipal para que la Secretar\u00eda de Seguridad P\u00fablica (SSP) tomara el mando de la seguridad hasta que los elementos locales acrediten los ex\u00e1menes de control y confianza.<\/p>\n\n\n\n<p>Adem\u00e1s, los polic\u00edas municipales est\u00e1n siendo investigados por la FGE, debido a su presunta participaci\u00f3n en la fuga de un sujeto, se\u00f1alado por un nivel delincuencial mayor.<\/p>\n\n\n\n<p>\u201cSe va a investigar a fondo y se va a dar con los presuntos responsables\u201d, sentenci\u00f3 el mandatario estatal en Sala de Banderas del Palacio de Gobierno.<\/p>\n\n\n\n<p>Cabe recordar que del a\u00f1o 2020 a la fecha, la Polic\u00eda Estatal asumi\u00f3 la seguridad en 25 municipios de la entidad. En algunos casos, debido a que las polic\u00edas locales ten\u00edan nexos con la delincuencia organizada.<\/p>\n\n\n\n<p>El caso m\u00e1s reciente ocurri\u00f3 el lunes 10 de mayo en el municipio de Playa Vicente, al sur de Veracruz, donde fueron desarmados 43 polic\u00edas locales y trasladados al Centro de Estudios e Investigaci\u00f3n en Seguridad (CEIS), ubicado en la Academia de Polic\u00eda de El Lencero, municipio de Emiliano Zapata, para ser sometidos a las evaluaciones correspondientes; sin embargo, 27 se opusieron a los ex\u00e1menes de confiabilidad y al cumplimiento de la normatividad aplicable.<\/p>\n","protected":false},"excerpt":{"rendered":"<p>Juan Arcos Xalapa, Ver.- El gobernador de Veracruz, Cuitl\u00e1huac Garc\u00eda Jim\u00e9nez, confirm\u00f3 que fue privada de la libertad Marina Garay Cabada, madre del presidente municipal de San Andr\u00e9s Tuxtla, Octavio P\u00e9rez Garay, de extracci\u00f3n priista. El mandatario revel\u00f3 que los hechos ocurrieron la ma\u00f1ana de este martes 11 de mayo en dicha demarcaci\u00f3n, ubicada en [&hellip;]<\/p>\n","protected":false},"author":1,"featured_media":13968,"comment_status":"open","ping_status":"open","sticky":false,"template":"","format":"standard","meta":{"_jetpack_memberships_contains_paid_content":false,"footnotes":""},"categories":[14],"tags":[],"class_list":["post-13967","post","type-post","status-publish","format-standard","has-post-thumbnail","hentry","category-policiaca"],"jetpack_featured_media_url":"https:\/\/encuentroinformativo.com.mx\/wp-content\/uploads\/2021\/05\/D3573418-BEAA-4AC7-AE51-74F8171E31A9.jpeg","jetpack_sharing_enabled":true,"jetpack_likes_enabled":true,"amp_enabled":true,"_links":{"self":[{"href":"https:\/\/encuentroinformativo.com.mx\/index.php?rest_route=\/wp\/v2\/posts\/13967","targetHints":{"allow":["GET"]}}],"collection":[{"href":"https:\/\/encuentroinformativo.com.mx\/index.php?rest_route=\/wp\/v2\/posts"}],"about":[{"href":"https:\/\/encuentroinformativo.com.mx\/index.php?rest_route=\/wp\/v2\/types\/post"}],"author":[{"embeddable":true,"href":"https:\/\/encuentroinformativo.com.mx\/index.php?rest_route=\/wp\/v2\/users\/1"}],"replies":[{"embeddable":true,"href":"https:\/\/encuentroinformativo.com.mx\/index.php?rest_route=%2Fwp%2Fv2%2Fcomments&post=13967"}],"version-history":[{"count":1,"href":"https:\/\/encuentroinformativo.com.mx\/index.php?rest_route=\/wp\/v2\/posts\/13967\/revisions"}],"predecessor-version":[{"id":13969,"href":"https:\/\/encuentroinformativo.com.mx\/index.php?rest_route=\/wp\/v2\/posts\/13967\/revisions\/13969"}],"wp:featuredmedia":[{"embeddable":true,"href":"https:\/\/encuentroinformativo.com.mx\/index.php?rest_route=\/wp\/v2\/media\/13968"}],"wp:attachment":[{"href":"https:\/\/encuentroinformativo.com.mx\/index.php?rest_route=%2Fwp%2Fv2%2Fmedia&parent=13967"}],"wp:term":[{"taxonomy":"category","embeddable":true,"href":"https:\/\/encuentroinformativo.com.mx\/index.php?rest_route=%2Fwp%2Fv2%2Fcategories&post=13967"},{"taxonomy":"post_tag","embeddable":true,"href":"https:\/\/encuentroinformativo.com.mx\/index.php?rest_route=%2Fwp%2Fv2%2Ftags&post=13967"}],"curies":[{"name":"wp","href":"https:\/\/api.w.org\/{rel}","templated":true}]}}