{"id":13970,"date":"2021-05-11T15:35:34","date_gmt":"2021-05-11T20:35:34","guid":{"rendered":"https:\/\/encuentroinformativo.com.mx\/?p=13970"},"modified":"2021-05-11T15:35:38","modified_gmt":"2021-05-11T20:35:38","slug":"centros-educativos-para-personas-con-discapacidad-no-retornaran-a-clases-presenciales","status":"publish","type":"post","link":"https:\/\/encuentroinformativo.com.mx\/?p=13970","title":{"rendered":"Centros educativos para personas con discapacidad no retornar\u00e1n a clases presenciales"},"content":{"rendered":"\n<p><strong>Juan Arcos<\/strong><\/p>\n\n\n\n<p>Xalapa, Ver.- Algunos institutos educativos para personas con discapacidad no regresar\u00e1n a clases presenciales el pr\u00f3ximo 24 de mayo, aunque el gobierno estatal considera que hay condiciones sanitarias para ello.<\/p>\n\n\n\n<p>La directora del Instituto Mexicano de Investigaci\u00f3n y Desarrollo Integral (IMIDI), Karina Mart\u00ednez Vera, consider\u00f3 que es \u201csumamente riesgoso\u201d el retorno a las aulas, debido a que los estudiantes y las familias a\u00fan no est\u00e1n vacunadas contra el SARS-COV-2 (COVID-19).<\/p>\n\n\n\n<p>\u201cEntonces nosotros no retornaremos hasta que podamos garantizar que trabajar en conjunto no pone en riesgo a ninguna de nuestras alumnas o alumnos\u201d.<\/p>\n\n\n\n<p>La entrevistada indic\u00f3 que en IMIDI son responsables y es una prioridad la integridad y la salud de las y los alumnos, por ello, esperar\u00e1n a que la mayor\u00eda de la poblaci\u00f3n est\u00e9 vacunada para el regreso a las aulas.<\/p>\n\n\n\n<p>\u201cS\u00ed somos muy responsables, atendiendo la salud y la integridad de nuestras alumnas y alumnos, nosotros nos debemos a nuestras alumnas y alumnos. Aunque el gobierno diga: ya v\u00e1yanse a dar clases ahorita, grupales, que no pasa nada, pues no\u201d.<\/p>\n\n\n\n<p>Cabe recordar que el gobernador de Veracruz, Cuitl\u00e1huac Garc\u00eda Jim\u00e9nez, reci\u00e9n anunci\u00f3 que el regreso a clases presenciales ser\u00eda escalonado a partir del pr\u00f3ximo 24 de mayo en la entidad y que cada centro de trabajo deb\u00eda analizar la viabilidad de esta situaci\u00f3n.<\/p>\n\n\n\n<p>Al respecto, Mart\u00ednez Vera mencion\u00f3 que en las escuelas para personas con discapacidad retornar\u00e1n a las aulas cuando la pandemia lo permita con certeza.<\/p>\n\n\n\n<p>Agreg\u00f3 que en IMIDI siguen trabajando en la modalidad de clases en l\u00ednea, mediante el uso de las herramientas tecnol\u00f3gicas, as\u00ed como tambi\u00e9n, brindando atenci\u00f3n personalizada en las instalaciones.<\/p>\n\n\n\n<p>El Instituto Mexicano de Investigaci\u00f3n y Desarrollo Integral atiende a personas con s\u00edndrome de down o cualquier otra discapacidad.<\/p>\n","protected":false},"excerpt":{"rendered":"<p>Juan Arcos Xalapa, Ver.- Algunos institutos educativos para personas con discapacidad no regresar\u00e1n a clases presenciales el pr\u00f3ximo 24 de mayo, aunque el gobierno estatal considera que hay condiciones sanitarias para ello. La directora del Instituto Mexicano de Investigaci\u00f3n y Desarrollo Integral (IMIDI), Karina Mart\u00ednez Vera, consider\u00f3 que es \u201csumamente riesgoso\u201d el retorno a las [&hellip;]<\/p>\n","protected":false},"author":1,"featured_media":13971,"comment_status":"open","ping_status":"open","sticky":false,"template":"","format":"standard","meta":{"_jetpack_memberships_contains_paid_content":false,"footnotes":""},"categories":[3],"tags":[],"class_list":["post-13970","post","type-post","status-publish","format-standard","has-post-thumbnail","hentry","category-xalapa"],"jetpack_featured_media_url":"https:\/\/encuentroinformativo.com.mx\/wp-content\/uploads\/2021\/05\/A293DBB5-C8FF-4B68-9AC9-7FF124FB0068.jpeg","jetpack_sharing_enabled":true,"jetpack_likes_enabled":true,"amp_enabled":true,"_links":{"self":[{"href":"https:\/\/encuentroinformativo.com.mx\/index.php?rest_route=\/wp\/v2\/posts\/13970","targetHints":{"allow":["GET"]}}],"collection":[{"href":"https:\/\/encuentroinformativo.com.mx\/index.php?rest_route=\/wp\/v2\/posts"}],"about":[{"href":"https:\/\/encuentroinformativo.com.mx\/index.php?rest_route=\/wp\/v2\/types\/post"}],"author":[{"embeddable":true,"href":"https:\/\/encuentroinformativo.com.mx\/index.php?rest_route=\/wp\/v2\/users\/1"}],"replies":[{"embeddable":true,"href":"https:\/\/encuentroinformativo.com.mx\/index.php?rest_route=%2Fwp%2Fv2%2Fcomments&post=13970"}],"version-history":[{"count":1,"href":"https:\/\/encuentroinformativo.com.mx\/index.php?rest_route=\/wp\/v2\/posts\/13970\/revisions"}],"predecessor-version":[{"id":13972,"href":"https:\/\/encuentroinformativo.com.mx\/index.php?rest_route=\/wp\/v2\/posts\/13970\/revisions\/13972"}],"wp:featuredmedia":[{"embeddable":true,"href":"https:\/\/encuentroinformativo.com.mx\/index.php?rest_route=\/wp\/v2\/media\/13971"}],"wp:attachment":[{"href":"https:\/\/encuentroinformativo.com.mx\/index.php?rest_route=%2Fwp%2Fv2%2Fmedia&parent=13970"}],"wp:term":[{"taxonomy":"category","embeddable":true,"href":"https:\/\/encuentroinformativo.com.mx\/index.php?rest_route=%2Fwp%2Fv2%2Fcategories&post=13970"},{"taxonomy":"post_tag","embeddable":true,"href":"https:\/\/encuentroinformativo.com.mx\/index.php?rest_route=%2Fwp%2Fv2%2Ftags&post=13970"}],"curies":[{"name":"wp","href":"https:\/\/api.w.org\/{rel}","templated":true}]}}